{"id":28,"count":3,"description":"A crian\u00e7a \u00e9 um ser humano em pleno desenvolvimento. As experi\u00eancias vividas nos primeiros anos de vida s\u00e3o fundamentais para a forma\u00e7\u00e3o do adulto que ela ser\u00e1 no futuro. Por isso, \u00e9 muito importante que a crian\u00e7a cres\u00e7a em um ambiente saud\u00e1vel, cercada de afeto e com liberdade para brincar. ","link":"https:\/\/imeclinicacidada.com.br\/blog\/c\/quero-saber-mais\/saude-crianca\/","name":"Sa\u00fade da Crian\u00e7a","slug":"saude-crianca","taxonomy":"category","parent":1,"meta":[],"_links":{"self":[{"href":"https:\/\/imeclinicacidada.com.br\/blog\/wp-json\/wp\/v2\/categories\/28","targetHints":{"allow":["GET"]}}],"collection":[{"href":"https:\/\/imeclinicacidada.com.br\/blog\/wp-json\/wp\/v2\/categories"}],"about":[{"href":"https:\/\/imeclinicacidada.com.br\/blog\/wp-json\/wp\/v2\/taxonomies\/category"}],"up":[{"embeddable":true,"href":"https:\/\/imeclinicacidada.com.br\/blog\/wp-json\/wp\/v2\/categories\/1"}],"wp:post_type":[{"href":"https:\/\/imeclinicacidada.com.br\/blog\/wp-json\/wp\/v2\/posts?categories=28"}],"curies":[{"name":"wp","href":"https:\/\/api.w.org\/{rel}","templated":true}]}}