{"id":236,"date":"2019-07-13T22:22:28","date_gmt":"2019-07-14T01:22:28","guid":{"rendered":"https:\/\/www.imeclinicacidada.com.br\/blog\/?p=236"},"modified":"2019-09-22T19:16:32","modified_gmt":"2019-09-22T22:16:32","slug":"depressao","status":"publish","type":"post","link":"https:\/\/imeclinicacidada.com.br\/blog\/depressao\/","title":{"rendered":"Depress\u00e3o"},"content":{"rendered":"\t\t<div data-elementor-type=\"wp-post\" data-elementor-id=\"236\" class=\"elementor elementor-236\" data-elementor-post-type=\"post\">\n\t\t\t\t\t\t<section class=\"elementor-section elementor-top-section elementor-element elementor-element-2797f6c elementor-section-boxed elementor-section-height-default elementor-section-height-default\" data-id=\"2797f6c\" data-element_type=\"section\" data-e-type=\"section\">\n\t\t\t\t\t\t<div class=\"elementor-container elementor-column-gap-default\">\n\t\t\t\t\t<div class=\"elementor-column elementor-col-100 elementor-top-column elementor-element elementor-element-6be25e7\" data-id=\"6be25e7\" data-element_type=\"column\" data-e-type=\"column\">\n\t\t\t<div class=\"elementor-widget-wrap elementor-element-populated\">\n\t\t\t\t\t\t<div class=\"elementor-element elementor-element-0c1c8e3 elementor-widget elementor-widget-text-editor\" data-id=\"0c1c8e3\" data-element_type=\"widget\" data-e-type=\"widget\" data-widget_type=\"text-editor.default\">\n\t\t\t\t<div class=\"elementor-widget-container\">\n\t\t\t\t\t\t\t\t\t<h3>O que \u00e9 depress\u00e3o?<\/h3><p>A depress\u00e3o \u00e9 uma doen\u00e7a psiqui\u00e1trica\u00a0que afeta o emocional da pessoa, que passa a apresentar tristeza profunda, falta de apetite, de \u00e2nimo, pessimismo, baixa auto-estima, que aparecem com frequ\u00eancia e podem combinar-se entre si. \u00c9 imprescind\u00edvel o acompanhamento m\u00e9dico tanto para o diagn\u00f3stico quanto para o tratamento adequado.<\/p><p>Considerada pela Organiza\u00e7\u00e3o Mundial da Sa\u00fade (OMS) como o &#8220;Mal do S\u00e9culo&#8221;. No sentido patol\u00f3gico, h\u00e1 presen\u00e7a de tristeza, pessimismo, baixa auto-estima, que aparecem com freq\u00fc\u00eancia e podem combinar-se entre si.<\/p><p>A\u00a0depress\u00e3o\u00a0(CID 10 \u2013 F33) provoca ainda aus\u00eancia de prazer em coisas que antes faziam bem e grande oscila\u00e7\u00e3o de humor e pensamentos, que podem culminar em comportamentos e atos suicidas. O tratamento \u00e9 feito com aux\u00edlio m\u00e9dico profissional, por meio de medicamentos, e acompanhamento terap\u00eautico conforme cada caso. O apoio da fam\u00edlia \u00e9 fundamental.<\/p><p><span style=\"font-size: 14px;\">Est\u00e1 presente na literatura m\u00e9dica e cient\u00edfica mundial que a depress\u00e3o tamb\u00e9m incita altera\u00e7\u00f5es fisiol\u00f3gicas no corpo, sendo porta de entrada para outras doen\u00e7as. Pessoas acometidas por depress\u00e3o podem, al\u00e9m da sensa\u00e7\u00e3o de infelicidade cr\u00f4nica e prostra\u00e7\u00e3o, apresentar baixas no sistema de imunidade e maiores epis\u00f3dios de problemas inflamat\u00f3rios e infecciosos. A depress\u00e3o, dependendo da gravidade, pode desencadear, tamb\u00e9m, doen\u00e7as cardiodasculares, como enfarto, AVC e hipertens\u00e3o.<\/span><\/p><div id=\"sunote_5d2a81b44671a\" class=\"su-note su-note-style4 su-note-warning\"><div class=\"su-note-inner su-clearfix\"><strong>ATEN\u00c7\u00c3O:<\/strong>\u00a0O CVV \u2013 Centro de Valoriza\u00e7\u00e3o da Vida realiza apoio emocional e preven\u00e7\u00e3o do suic\u00eddio, atendendo volunt\u00e1ria e gratuitamente todas as pessoas que querem e precisam conversar, sob total sigilo, por telefone, email, chat e voip 24 horas todos os dias.\u00a0A liga\u00e7\u00e3o para o CVV em parceria com o SUS, por meio do n\u00famero 188, \u00e9 gratuita a partir de qualquer linha telef\u00f4nica fixa ou celular.\u00a0Tamb\u00e9m \u00e9 poss\u00edvel acessar www.cvv.org.br para chat.<\/div><div class=\"su-note-inner su-clearfix\">\u00a0<\/div><\/div><h3>O que causa depress\u00e3o?<\/h3><h2><a id=\"oque\" target=\"_blank\" name=\"oque\"><\/a><\/h2><p>H\u00e1 uma s\u00e9rie de evid\u00eancias que mostram altera\u00e7\u00f5es qu\u00edmicas no c\u00e9rebro do indiv\u00edduo deprimido, principalmente com rela\u00e7\u00e3o aos neurotransmissores (serotonina, noradrenalina e, em menor propor\u00e7\u00e3o, dopamina), subst\u00e2ncias que transmitem impulsos nervosos entre as c\u00e9lulas. Outros processos que ocorrem dentro das c\u00e9lulas nervosas tamb\u00e9m est\u00e3o envolvidos. Ao contr\u00e1rio do que normalmente se pensa, os fatores psicol\u00f3gicos e sociais muitas vezes s\u00e3o conseq\u00fc\u00eancia e n\u00e3o causa da depress\u00e3o.<\/p><p>Vale ressaltar que o estresse pode precipitar a depress\u00e3o em pessoas com predisposi\u00e7\u00e3o, que provavelmente \u00e9 gen\u00e9tica. A preval\u00eancia (n\u00famero de casos numa popula\u00e7\u00e3o) da depress\u00e3o \u00e9 estimada em 19%, o que significa que aproximadamente uma em cada cinco pessoas no mundo apresentam o problema em algum momento da vida.<\/p><h3>Diferen\u00e7a entre tristeza e depress\u00e3o<\/h3><ul><li>Tristeza tem motivo. A pessoa sabe que est\u00e1 triste.<\/li><li>A depress\u00e3o \u00e9 uma tristeza profunda e muitas vezes sem conte\u00fado, sem motivo aparente. Mesmo se algo maravilhoso acontecer ou estiver acontecendo, a pessoa continuar\u00e1 triste.<\/li><li>A pessoa triste pode ter sintomas no corpo, como sentir aperto no perito, taquicardia, chorar.<\/li><li>A pessoa deprimida tem pensamentos suicidas.<\/li><li>Quem est\u00e1 triste costuma ter pensamentos repetitivos sobre a raz\u00e3o da tristeza.<\/li><li>Quando deprimida, a pessoa sente, pelo menos, duas semanas de uma tristeza profunda e cont\u00ednua.<\/li><\/ul><div id=\"sunote_5d2a81b446a17\" class=\"su-note su-note-style2 su-note-info\"><div class=\"su-note-inner su-clearfix\">\u00a0<\/div><\/div><h3>Sintomas da depress\u00e3o<\/h3><h2><a id=\"sintomas\" target=\"_blank\" name=\"sintomas\"><\/a><\/h2><p>Al\u00e9m das altera\u00e7\u00f5es de humor\u00a0ou irritabilidade, ansiedade e ang\u00fastia a depress\u00e3o possui diversos sinais e sintomas, que podem ser isolados ou somatizados.<\/p><ul><li>humor depressivo ou irritabilidade, ansiedade e ang\u00fastia;<\/li><li>des\u00e2nimo, cansa\u00e7o f\u00e1cil, necessidade de maior esfor\u00e7o para fazer as coisas;<\/li><li>diminui\u00e7\u00e3o ou incapacidade de sentir alegria e prazer em atividades anteriormente consideradas agrad\u00e1veis;<\/li><li>desinteresse, falta de motiva\u00e7\u00e3o e apatia;<\/li><li>falta de vontade e indecis\u00e3o;<\/li><li>sentimentos de medo, inseguran\u00e7a, desesperan\u00e7a, desespero, desamparo e vazio;<\/li><li>pessimismo, ideias frequentes e desproporcionais de culpa, baixa auto-estima, sensa\u00e7\u00e3o de falta de sentido na vida, inutilidade, ru\u00edna, fracasso, doen\u00e7a ou morte. A pessoa pode desejar morrer, planejar uma forma de morrer ou at\u00e9 mesmo tentar suic\u00eddio;<\/li><li>interpreta\u00e7\u00e3o distorcida e negativa da realidade: tudo \u00e9 visto sob a \u00f3tica depressiva, um tom \u201ccinzento\u201d para si, os outros e seu mundo;<\/li><li>dificuldade de concentra\u00e7\u00e3o, racioc\u00ednio mais lento e esquecimento;<\/li><li>diminui\u00e7\u00e3o do desempenho sexual (pode at\u00e9 manter atividade sexual, mas sem a conota\u00e7\u00e3o prazerosa habitual) e da libido;<\/li><li>perda ou aumento do apetite e do peso;<\/li><li>ins\u00f4nia (dificuldade de conciliar o sono, m\u00faltiplos despertares ou sensa\u00e7\u00e3o de sono muito superficial), despertar matinal precoce (geralmente duas horas antes do hor\u00e1rio . habitual) ou, menos freq\u00fcentemente, aumento do sono (dorme demais e mesmo assim fica com sono a maior parte do tempo);<\/li><li>dores e outros sintomas f\u00edsicos n\u00e3o justificados por problemas m\u00e9dicos, como dores de barriga, m\u00e1 digest\u00e3o, azia, diarr\u00e9ia, constipa\u00e7\u00e3o, flatul\u00eancia, tens\u00e3o na nuca e nos ombros, dor de cabe\u00e7a ou no corpo, sensa\u00e7\u00e3o de corpo pesado ou de press\u00e3o no peito, entre outros.<\/li><\/ul><h3>Diagn\u00f3stico da depress\u00e3o<\/h3><h2><a id=\"diagnostico\" target=\"_blank\" name=\"diagnostico\"><\/a><\/h2><p>O diagn\u00f3stico da depress\u00e3o \u00e9 cl\u00ednico e somente pode ser dado por um m\u00e9dico especialista, no caso o psiquiatra, que \u00e9 respons\u00e1vel por tratar pessoas com transtornos mentais. Durante a consulta ser\u00e3o feitos alguns testes e question\u00e1rios, que podem apontar para o dist\u00farbio.<\/p><p>Nesse momento, o psiquiatra far\u00e1, tamb\u00e9m, outras observa\u00e7\u00f5es, como hist\u00f3rico do paciente e familiares, e poder\u00e1 pedir alguns exames laboratoriais espec\u00edficos para se chegar ao diagn\u00f3stico. A depress\u00e3o tamb\u00e9m pode estar associada a outros transtornos psiqui\u00e1tricos e tem n\u00edveis de intensidade. Pode ser leve, moderada ou grave.<\/p><p>Cada caso \u00e9 avaliado individualmente e cada paciente recebe um diagn\u00f3stico e \u00e9 encaminhado para tratamento espec\u00edfico.<\/p><h3>Tratamento &#8211; como vencer a depress\u00e3o?<\/h3><h2><a id=\"tratamento\" target=\"_blank\" name=\"tratamento\"><\/a><\/h2><p>O tratamento da depress\u00e3o \u00e9 essencialmente medicamentoso. Existem mais de 30 antidepressivos dispon\u00edveis. Ao contr\u00e1rio do que alguns temem, essas medica\u00e7\u00f5es n\u00e3o s\u00e3o como drogas, que deixam a pessoa euf\u00f3rica e provocam v\u00edcio. A terapia \u00e9 simples e, de modo geral, n\u00e3o incapacita ou entorpece o paciente. Alguns pacientes precisam de tratamento de manuten\u00e7\u00e3o ou preventivo, que pode levar anos ou a vida inteira, para evitar o aparecimento de novos epis\u00f3dios. A psicoterapia ajuda o paciente, mas n\u00e3o previne novos epis\u00f3dios, nem cura a depress\u00e3o. A t\u00e9cnica auxilia na reestrutura\u00e7\u00e3o psicol\u00f3gica do indiv\u00edduo, al\u00e9m de aumentar sua compreens\u00e3o sobre o processo de depress\u00e3o e na resolu\u00e7\u00e3o de conflitos, o que diminui o impacto provocado pelo estresse.<\/p><p>A depress\u00e3o n\u00e3o tem tempo para passar. Pode durar dias, semanas, meses ou anos. A pessoa em crise, ap\u00f3s superar o transtorno mental, tamb\u00e9m pode, a qualquer momento, experimentar novos epis\u00f3dios da depress\u00e3o. Na maioria das vezes, o tratamento para depress\u00e3o \u00e9 feito combinando psiquiatra e psicoterapia, por meio de psic\u00f3logos. Existem tamb\u00e9m medicamentos antidepressivos, que ajudam a regular a qu\u00edmica cerebral e \u00e9 aplicado conforme cada caso, de acordo com cada paciente.<\/p><p>Nesse contexto, o Sistema \u00danico de Sa\u00fade (SUS) tem papel importante na aten\u00e7\u00e3o \u00e0 sa\u00fade e tratamento de pessoas com depress\u00e3o e outros problemas mentais.\u00a0Os atendimentos e tratamentos para depress\u00e3o s\u00e3o feitos, prioritariamente, na Aten\u00e7\u00e3o B\u00e1sica, principal porta de entrada para o SUS, ou nos Centros de Aten\u00e7\u00e3o Psicossocial (CAPS),\u00a0onde o usu\u00e1rio recebe atendimento pr\u00f3ximo da fam\u00edlia com assist\u00eancia multiprofissional e cuidado terap\u00eautico conforme o quadro de sa\u00fade. Nesses locais tamb\u00e9m h\u00e1 possibilidade de acolhimento noturno e\/ou cuidado cont\u00ednuo em situa\u00e7\u00f5es de maior complexidade, quando houver avalia\u00e7\u00e3o da equipe de refer\u00eancia para isto.<\/p><p>Para agravos do problema de depress\u00e3o, ansiedade e\/ou estresse, o Sistema \u00danico de Sa\u00fade (SUS) tamb\u00e9m disponibiliza medicamentos que auxiliam no tratamento dos pacientes (Amitriptilina, Clomipramina, Fluoxetina e Nortriptilina). Quando recomendado pelo m\u00e9dico, esses medicamentos podem ser retirados, gratuitamente, nas Unidades B\u00e1sicas de Sa\u00fade ou nos demais estabelecimentos designados pelas secretarias de sa\u00fade dos munic\u00edpios.<\/p><p>O acolhimento das pessoas com sofrimento ou transtorno mental, incluindo depress\u00e3o e as necessidades decorrentes do uso de \u00e1lcool e outras drogas, e seus familiares \u00e9 uma estrat\u00e9gia de aten\u00e7\u00e3o fundamental para a identifica\u00e7\u00e3o das necessidades assistenciais, al\u00edvio do sofrimento e planejamento de interven\u00e7\u00f5es medicamentosas e terap\u00eauticas, se e quando necess\u00e1rias. Est\u00e1 previsto que os indiv\u00edduos em situa\u00e7\u00f5es de crise possam ser atendidos em qualquer servi\u00e7o da rede de sa\u00fade. Os casos de pacientes em situa\u00e7\u00e3o de emerg\u00eancia devem ser atendidos nos servi\u00e7os de urg\u00eancia e emerg\u00eancia, que tamb\u00e9m constituem a RAPS (Rede de Aten\u00e7\u00e3o Psicosocial). As diretrizes da pol\u00edtica envolvem o governo federal e os estados e munic\u00edpios.<\/p><p>O tratamento tamb\u00e9m envolve a recomenda\u00e7\u00e3o m\u00e9dica e de especialistas de manter um estilo de vida saud\u00e1vel, com dieta equilibrada, peso adequado e pr\u00e1tica regular de atividades f\u00edsicas. Conhe\u00e7a a\u00a0<a href=\"https:\/\/saudebrasilportal.com.br\/\" target=\"_blank\" rel=\"noopener\">plataforma Sa\u00fade Brasil<\/a>, que re\u00fane diversas dicas de sa\u00fade para manuten\u00e7\u00e3o de uma boa qualidade de vida.<\/p><div id=\"sunote_5d2a81b446f10\" class=\"su-note su-note-style2 su-note-info\"><h3><span style=\"color: #333333; font-size: 20px; font-weight: 600;\">Cuidados com quem est\u00e1 depress\u00e3o<\/span><\/h3><\/div><div class=\"well\"><h4>O que jamais dizer para pessoas que est\u00e3o em depress\u00e3o<\/h4><ul><li>Voc\u00ea est\u00e1 exagerando, n\u00e3o \u00e9 tal mal assim.<\/li><li>Todos temos problemas, voc\u00ea precisa reagir.<\/li><li>Sei o que voc\u00ea est\u00e1 passando, j\u00e1 me senti assim tamb\u00e9m.<\/li><li>Voc\u00ea precisa tomar o controle da situa\u00e7\u00e3o e melhorar de uma vez.<\/li><li>Melhorar depende apenas de voc\u00ea. Basta querer.<\/li><li>Reaja! A vida continua.<\/li><li>Voc\u00ea est\u00e1 sendo ego\u00edsta.<\/li><\/ul><\/div><div class=\"well\"><h4>O que deve ser dito para pessoas em depress\u00e3o<\/h4><ul><li>Estou aqui para o que precisar.<\/li><li>Voc\u00ea n\u00e3o est\u00e1 sozinho(a).<\/li><li>N\u00e3o \u00e9 culpa sua.<\/li><li>O que eu posso fazer por voc\u00ea?<\/li><li>Est\u00e1 precisando de algo?<\/li><li>Vamos conversar?<\/li><li>Em que voc\u00ea est\u00e1 pensando?<\/li><li>Eu te amo.<\/li><li>Muitas vezes o sil\u00eancio tamb\u00e9m \u00e9 fundamental.<\/li><li>Seja sempre presente e jamais cobre nada da pessoa.<\/li><\/ul><\/div><h3>Fatores de risco para desenvolvimento da depress\u00e3o<\/h3><h2><a id=\"fatores\" target=\"_blank\" name=\"fatores\"><\/a><\/h2><p>A depress\u00e3o \u00e9 um transtorno psiqui\u00e1trico que pode atingir pessoas de qualquer faixa et\u00e1ria e qualquer sexo. Sabe-se que o des\u00e2nimo e os demais sintomas da doen\u00e7a s\u00e3o provocados por desequil\u00edbrios cerebrais, com a diminui\u00e7\u00e3o de neurotransmissores como a serotonina, horm\u00f4nio ligado \u00e0 sensa\u00e7\u00e3o de prazer e bem-estar.<\/p><p>Existem alguns fatores de risco que podem auxiliar no desenvolvimento da depress\u00e3o.<\/p><ul><li>Hist\u00f3rico familiar<\/li><li>Transtornos psiqui\u00e1tricos correlatos<\/li><li>Estresse cr\u00f4nico<\/li><li>Ansiedade cr\u00f4nica<\/li><li>Disfun\u00e7\u00f5es hormonais<\/li><li>Excesso de peso<\/li><li>Sedentarismo e dieta desregrada<\/li><li>V\u00edcios (cigarro, \u00e1lcool e drogas il\u00edcitas)<\/li><li>Uso excessivo de internet e redes sociais<\/li><li>Traumas f\u00edsicos ou psicol\u00f3gicos<\/li><li>Pancadas na cabe\u00e7a<\/li><li>Problemas card\u00edacos<\/li><li>Separa\u00e7\u00e3o conjugal<\/li><li>Enxaqueca cr\u00f4nica<\/li><\/ul><h3>Preven\u00e7\u00e3o da depress\u00e3o<\/h3><h2><a id=\"prevencao\" target=\"_blank\" name=\"prevencao\"><\/a><\/h2><p>A melhor forma de prevenir a depress\u00e3o \u00e9 cuidando da mente e do corpo, com alimenta\u00e7\u00e3o saud\u00e1vel e pr\u00e1tica de atividades f\u00edsicas regulares. Saber lidar com o estresse e compartilhar os problemas com amigos ou familiares \u00e9 outra alternativa, que pode ser aliada \u00e0 pr\u00e1tica de alguma atividade integrativa e complementar, como yoga, por exemplo.<\/p><p>Ajudam a prevenir a depress\u00e3o leitura, aprender coisas novas, ter hobbies, viajar e se divertir. Essas pr\u00e1ticas mant\u00e9m a cabe\u00e7a ativa e a ocupam com pensamentos positivos.<\/p><div id=\"sunote_5d2a81b44722a\" class=\"su-note su-note-style4 su-note-warning\"><div class=\"su-note-inner su-clearfix\"><strong>DESTAQUE:<\/strong>\u00a0A ci\u00eancia j\u00e1 comprovou que cuidar do organismo reflete na sa\u00fade mental de forma positiva. Atividades f\u00edsicas liberam horm\u00f4nios e outras subst\u00e2ncias importantes para manuten\u00e7\u00e3o do humor.<\/div><\/div><p>Na alimenta\u00e7\u00e3o, receitas ou dietas recheadas de azeite de oliva, peixes, frutas, verduras e oleaginosas (nozes, castanhas etc) s\u00e3o o ideal para prevenir depress\u00e3o. Esses produtos s\u00e3o ricos em nutrientes que protegem e conversam a rede de neur\u00f4nios.<\/p><h3>Tipos de depress\u00e3o<\/h3><h2><a id=\"tipos\" target=\"_blank\" name=\"tipos\"><\/a><\/h2><p>Um epis\u00f3dio depressivo pode ser categorizado como leve, moderado ou grave, a depender da intensidade dos sintomas. Um indiv\u00edduo com um epis\u00f3dio depressivo leve ter\u00e1 alguma dificuldade em continuar um trabalho simples e atividades sociais, mas provavelmente sem grande preju\u00edzo no funcionamento global. Durante um epis\u00f3dio depressivo grave, \u00e9 improv\u00e1vel que a pessoa afetada possa continuar com atividades sociais, de trabalho ou dom\u00e9sticas.\u00a0Uma distin\u00e7\u00e3o fundamental tamb\u00e9m \u00e9 feita entre depress\u00e3o em pessoas que t\u00eam ou n\u00e3o um hist\u00f3rico de epis\u00f3dios de mania. Ambos os tipos de depress\u00e3o podem ser cr\u00f4nicos (isto \u00e9, acontecem durante um per\u00edodo prolongado de tempo), com reca\u00eddas, especialmente se n\u00e3o forem tratados.<\/p><p>Transtorno depressivo recorrente: esse dist\u00farbio envolve repetidos epis\u00f3dios depressivos. Durante esses epis\u00f3dios, a pessoa experimenta um humor deprimido, perda de interesse e prazer e energia reduzida, levando a uma diminui\u00e7\u00e3o das atividades em geral por pelo menos duas semanas. Muitas pessoas com depress\u00e3o tamb\u00e9m sofrem com sintomas como ansiedade, dist\u00farbios do sono e de apetite e podem ter sentimentos de culpa ou baixa auto-estima, falta de concentra\u00e7\u00e3o e at\u00e9 mesmo aqueles que s\u00e3o clinicamente inexplic\u00e1veis.<\/p><p>Transtorno afetivo bipolar: esse tipo de depress\u00e3o consiste tipicamente na altern\u00e2ncia entre epis\u00f3dios de mania e depressivos, separados por per\u00edodos de humor normal. Epis\u00f3dios de mania envolvem humor exaltado ou irritado, excesso de atividades, press\u00e3o de fala, auto-estima inflada e uma menor necessidade de sono, al\u00e9m da acelera\u00e7\u00e3o do pensamento.<\/p><p><b>Fonte:<\/b> <a href=\"http:\/\/www.saude.gov.br\/saude-de-a-z\/saude-mental\/depressao\" target=\"_blank\" rel=\"noopener\">Minist\u00e9rio da Sa\u00fade<\/a><\/p>\t\t\t\t\t\t\t\t<\/div>\n\t\t\t\t<\/div>\n\t\t\t\t<div class=\"elementor-element elementor-element-9c58392 elementor-widget elementor-widget-video\" data-id=\"9c58392\" data-element_type=\"widget\" data-e-type=\"widget\" data-settings=\"{&quot;youtube_url&quot;:&quot;https:\\\/\\\/www.youtube.com\\\/watch?v=tN9S9U9ZdgI&quot;,&quot;video_type&quot;:&quot;youtube&quot;,&quot;controls&quot;:&quot;yes&quot;}\" data-widget_type=\"video.default\">\n\t\t\t\t<div class=\"elementor-widget-container\">\n\t\t\t\t\t\t\t<div class=\"elementor-wrapper elementor-open-inline\">\n\t\t\t<div class=\"elementor-video\"><\/div>\t\t<\/div>\n\t\t\t\t\t\t<\/div>\n\t\t\t\t<\/div>\n\t\t\t\t<div class=\"elementor-element elementor-element-621036d elementor-widget elementor-widget-text-editor\" data-id=\"621036d\" data-element_type=\"widget\" data-e-type=\"widget\" data-widget_type=\"text-editor.default\">\n\t\t\t\t<div class=\"elementor-widget-container\">\n\t\t\t\t\t\t\t\t\t<p>\t\t<div data-elementor-type=\"wp-post\" data-elementor-id=\"514\" class=\"elementor elementor-514\" data-elementor-post-type=\"elementor-hf\">\n\t\t\t\t\t\t<section class=\"elementor-section elementor-top-section elementor-element elementor-element-d58eb3b elementor-section-full_width elementor-section-height-default elementor-section-height-default\" data-id=\"d58eb3b\" data-element_type=\"section\" data-e-type=\"section\">\n\t\t\t\t\t\t<div class=\"elementor-container elementor-column-gap-narrow\">\n\t\t\t\t\t<div class=\"elementor-column elementor-col-33 elementor-top-column elementor-element elementor-element-1514cda\" data-id=\"1514cda\" data-element_type=\"column\" data-e-type=\"column\">\n\t\t\t<div class=\"elementor-widget-wrap elementor-element-populated\">\n\t\t\t\t\t\t<div class=\"elementor-element elementor-element-ac5edb7 elementor-button-success elementor-align-justify elementor-widget elementor-widget-button\" data-id=\"ac5edb7\" data-element_type=\"widget\" data-e-type=\"widget\" data-widget_type=\"button.default\">\n\t\t\t\t<div class=\"elementor-widget-container\">\n\t\t\t\t\t\t\t\t\t<div class=\"elementor-button-wrapper\">\n\t\t\t\t\t<a class=\"elementor-button elementor-button-link elementor-size-lg\" href=\"https:\/\/www.imeclinicacidada.com.br\/v1\/equipe-medica-ime-clinica-cidada\/\">\n\t\t\t\t\t\t<span class=\"elementor-button-content-wrapper\">\n\t\t\t\t\t\t<span class=\"elementor-button-icon\">\n\t\t\t\t<i aria-hidden=\"true\" class=\"fas fa-briefcase-medical\"><\/i>\t\t\t<\/span>\n\t\t\t\t\t\t\t\t\t<span class=\"elementor-button-text\">Nossos M\u00e9dicos<\/span>\n\t\t\t\t\t<\/span>\n\t\t\t\t\t<\/a>\n\t\t\t\t<\/div>\n\t\t\t\t\t\t\t\t<\/div>\n\t\t\t\t<\/div>\n\t\t\t\t\t<\/div>\n\t\t<\/div>\n\t\t\t\t<div class=\"elementor-column elementor-col-33 elementor-top-column elementor-element elementor-element-c762a15\" data-id=\"c762a15\" data-element_type=\"column\" data-e-type=\"column\">\n\t\t\t<div class=\"elementor-widget-wrap\">\n\t\t\t\t\t\t\t<\/div>\n\t\t<\/div>\n\t\t\t\t<div class=\"elementor-column elementor-col-33 elementor-top-column elementor-element elementor-element-1ff0650\" data-id=\"1ff0650\" data-element_type=\"column\" data-e-type=\"column\">\n\t\t\t<div class=\"elementor-widget-wrap elementor-element-populated\">\n\t\t\t\t\t\t<div class=\"elementor-element elementor-element-2579197 elementor-button-success elementor-align-justify elementor-widget elementor-widget-button\" data-id=\"2579197\" data-element_type=\"widget\" data-e-type=\"widget\" data-widget_type=\"button.default\">\n\t\t\t\t<div class=\"elementor-widget-container\">\n\t\t\t\t\t\t\t\t\t<div class=\"elementor-button-wrapper\">\n\t\t\t\t\t<a class=\"elementor-button elementor-button-link elementor-size-lg\" href=\"https:\/\/www.imeclinicacidada.com.br\/v1\/especialidades\/\">\n\t\t\t\t\t\t<span class=\"elementor-button-content-wrapper\">\n\t\t\t\t\t\t<span class=\"elementor-button-icon\">\n\t\t\t\t<i aria-hidden=\"true\" class=\"fas fa-clinic-medical\"><\/i>\t\t\t<\/span>\n\t\t\t\t\t\t\t\t\t<span class=\"elementor-button-text\">Nossas Especialidades<\/span>\n\t\t\t\t\t<\/span>\n\t\t\t\t\t<\/a>\n\t\t\t\t<\/div>\n\t\t\t\t\t\t\t\t<\/div>\n\t\t\t\t<\/div>\n\t\t\t\t\t<\/div>\n\t\t<\/div>\n\t\t\t\t\t<\/div>\n\t\t<\/section>\n\t\t\t\t<\/div>\n\t\t<\/p>\t\t\t\t\t\t\t\t<\/div>\n\t\t\t\t<\/div>\n\t\t\t\t\t<\/div>\n\t\t<\/div>\n\t\t\t\t\t<\/div>\n\t\t<\/section>\n\t\t\t\t<\/div>\n\t\t","protected":false},"excerpt":{"rendered":"<p>A depress\u00e3o \u00e9 uma doen\u00e7a psiqui\u00e1trica que afeta o emocional da pessoa, que passa a apresentar tristeza profunda, falta de apetite, de \u00e2nimo, pessimismo, baixa auto-estima, que aparecem com frequ\u00eancia e podem combinar-se entre si. \u00c9 imprescind\u00edvel o acompanhamento m\u00e9dico tanto para o diagn\u00f3stico quanto para o tratamento adequado.<\/p>\n","protected":false},"author":1,"featured_media":247,"comment_status":"closed","ping_status":"closed","sticky":false,"template":"","format":"standard","meta":{"ocean_post_layout":"","ocean_both_sidebars_style":"","ocean_both_sidebars_content_width":0,"ocean_both_sidebars_sidebars_width":0,"ocean_sidebar":"0","ocean_second_sidebar":"0","ocean_disable_margins":"enable","ocean_add_body_class":"","ocean_shortcode_before_top_bar":"","ocean_shortcode_after_top_bar":"","ocean_shortcode_before_header":"","ocean_shortcode_after_header":"","ocean_has_shortcode":"","ocean_shortcode_after_title":"","ocean_shortcode_before_footer_widgets":"","ocean_shortcode_after_footer_widgets":"","ocean_shortcode_before_footer_bottom":"","ocean_shortcode_after_footer_bottom":"","ocean_display_top_bar":"default","ocean_display_header":"default","ocean_header_style":"","ocean_center_header_left_menu":"0","ocean_custom_header_template":"0","ocean_custom_logo":0,"ocean_custom_retina_logo":0,"ocean_custom_logo_max_width":0,"ocean_custom_logo_tablet_max_width":0,"ocean_custom_logo_mobile_max_width":0,"ocean_custom_logo_max_height":0,"ocean_custom_logo_tablet_max_height":0,"ocean_custom_logo_mobile_max_height":0,"ocean_header_custom_menu":"0","ocean_menu_typo_font_family":"0","ocean_menu_typo_font_subset":"","ocean_menu_typo_font_size":0,"ocean_menu_typo_font_size_tablet":0,"ocean_menu_typo_font_size_mobile":0,"ocean_menu_typo_font_size_unit":"px","ocean_menu_typo_font_weight":"","ocean_menu_typo_font_weight_tablet":"","ocean_menu_typo_font_weight_mobile":"","ocean_menu_typo_transform":"","ocean_menu_typo_transform_tablet":"","ocean_menu_typo_transform_mobile":"","ocean_menu_typo_line_height":0,"ocean_menu_typo_line_height_tablet":0,"ocean_menu_typo_line_height_mobile":0,"ocean_menu_typo_line_height_unit":"","ocean_menu_typo_spacing":0,"ocean_menu_typo_spacing_tablet":0,"ocean_menu_typo_spacing_mobile":0,"ocean_menu_typo_spacing_unit":"","ocean_menu_link_color":"","ocean_menu_link_color_hover":"","ocean_menu_link_color_active":"","ocean_menu_link_background":"","ocean_menu_link_hover_background":"","ocean_menu_link_active_background":"","ocean_menu_social_links_bg":"","ocean_menu_social_hover_links_bg":"","ocean_menu_social_links_color":"","ocean_menu_social_hover_links_color":"","ocean_disable_title":"default","ocean_disable_heading":"default","ocean_post_title":"","ocean_post_subheading":"","ocean_post_title_style":"","ocean_post_title_background_color":"","ocean_post_title_background":0,"ocean_post_title_bg_image_position":"","ocean_post_title_bg_image_attachment":"","ocean_post_title_bg_image_repeat":"","ocean_post_title_bg_image_size":"","ocean_post_title_height":0,"ocean_post_title_bg_overlay":0.5,"ocean_post_title_bg_overlay_color":"","ocean_disable_breadcrumbs":"default","ocean_breadcrumbs_color":"","ocean_breadcrumbs_separator_color":"","ocean_breadcrumbs_links_color":"","ocean_breadcrumbs_links_hover_color":"","ocean_display_footer_widgets":"default","ocean_display_footer_bottom":"default","ocean_custom_footer_template":"0","_joinchat":[],"ocean_post_oembed":"","ocean_post_self_hosted_media":"","ocean_post_video_embed":"","ocean_link_format":"","ocean_link_format_target":"self","ocean_quote_format":"","ocean_quote_format_link":"post","ocean_gallery_link_images":"off","ocean_gallery_id":[],"footnotes":""},"categories":[114,115],"tags":[151],"class_list":["post-236","post","type-post","status-publish","format-standard","has-post-thumbnail","hentry","category-psiquiatria","category-psicologia","tag-psiquiatria","entry","has-media"],"_links":{"self":[{"href":"https:\/\/imeclinicacidada.com.br\/blog\/wp-json\/wp\/v2\/posts\/236","targetHints":{"allow":["GET"]}}],"collection":[{"href":"https:\/\/imeclinicacidada.com.br\/blog\/wp-json\/wp\/v2\/posts"}],"about":[{"href":"https:\/\/imeclinicacidada.com.br\/blog\/wp-json\/wp\/v2\/types\/post"}],"author":[{"embeddable":true,"href":"https:\/\/imeclinicacidada.com.br\/blog\/wp-json\/wp\/v2\/users\/1"}],"replies":[{"embeddable":true,"href":"https:\/\/imeclinicacidada.com.br\/blog\/wp-json\/wp\/v2\/comments?post=236"}],"version-history":[{"count":5,"href":"https:\/\/imeclinicacidada.com.br\/blog\/wp-json\/wp\/v2\/posts\/236\/revisions"}],"predecessor-version":[{"id":546,"href":"https:\/\/imeclinicacidada.com.br\/blog\/wp-json\/wp\/v2\/posts\/236\/revisions\/546"}],"wp:featuredmedia":[{"embeddable":true,"href":"https:\/\/imeclinicacidada.com.br\/blog\/wp-json\/wp\/v2\/media\/247"}],"wp:attachment":[{"href":"https:\/\/imeclinicacidada.com.br\/blog\/wp-json\/wp\/v2\/media?parent=236"}],"wp:term":[{"taxonomy":"category","embeddable":true,"href":"https:\/\/imeclinicacidada.com.br\/blog\/wp-json\/wp\/v2\/categories?post=236"},{"taxonomy":"post_tag","embeddable":true,"href":"https:\/\/imeclinicacidada.com.br\/blog\/wp-json\/wp\/v2\/tags?post=236"}],"curies":[{"name":"wp","href":"https:\/\/api.w.org\/{rel}","templated":true}]}}