{"id":250,"date":"2019-07-13T22:37:24","date_gmt":"2019-07-14T01:37:24","guid":{"rendered":"https:\/\/www.imeclinicacidada.com.br\/blog\/?p=250"},"modified":"2019-09-22T19:15:49","modified_gmt":"2019-09-22T22:15:49","slug":"alzheimer","status":"publish","type":"post","link":"https:\/\/imeclinicacidada.com.br\/blog\/alzheimer\/","title":{"rendered":"Alzheimer"},"content":{"rendered":"\t\t<div data-elementor-type=\"wp-post\" data-elementor-id=\"250\" class=\"elementor elementor-250\" data-elementor-post-type=\"post\">\n\t\t\t\t\t\t<section class=\"elementor-section elementor-top-section elementor-element elementor-element-2ee77d3 elementor-section-boxed elementor-section-height-default elementor-section-height-default\" data-id=\"2ee77d3\" data-element_type=\"section\" data-e-type=\"section\">\n\t\t\t\t\t\t<div class=\"elementor-container elementor-column-gap-default\">\n\t\t\t\t\t<div class=\"elementor-column elementor-col-100 elementor-top-column elementor-element elementor-element-23255f7\" data-id=\"23255f7\" data-element_type=\"column\" data-e-type=\"column\">\n\t\t\t<div class=\"elementor-widget-wrap elementor-element-populated\">\n\t\t\t\t\t\t<div class=\"elementor-element elementor-element-fb7774a elementor-widget elementor-widget-text-editor\" data-id=\"fb7774a\" data-element_type=\"widget\" data-e-type=\"widget\" data-widget_type=\"text-editor.default\">\n\t\t\t\t<div class=\"elementor-widget-container\">\n\t\t\t\t\t\t\t\t\t<h3><strong>O que \u00e9 Alzheimer?<\/strong><\/h3><p>A Doen\u00e7a de Alzheimer (DA) \u00e9 um transtorno neurodegenerativo progressivo e fatal que se manifesta\u00a0pela deteriora\u00e7\u00e3o cognitiva e da mem\u00f3ria, comprometimento progressivo das atividades de vida di\u00e1ria e uma\u00a0variedade de sintomas neuropsiqui\u00e1tricos e de altera\u00e7\u00f5es comportamentais.\u00a0A doen\u00e7a instala-se quando o processamento de certas prote\u00ednas do sistema nervoso central come\u00e7a a dar errado.<\/p><p><span style=\"font-size: 14px;\">Surgem, ent\u00e3o, fragmentos de prote\u00ednas mal cortadas, t\u00f3xicas, dentro dos neur\u00f4nios e nos espa\u00e7os que existem entre eles.\u00a0Como consequ\u00eancia dessa toxicidade, ocorre perda progressiva de neur\u00f4nios em certas regi\u00f5es do c\u00e9rebro, como o hipocampo, que controla a mem\u00f3ria, e o c\u00f3rtex cerebral, essencial para a linguagem e o racioc\u00ednio, mem\u00f3ria, reconhecimento de est\u00edmulos sensoriais e pensamento abstrato.<\/span><\/p><p>No Brasil, centros de refer\u00eancia do Sistema \u00danico de Sa\u00fade (SUS) oferecem tratamento multidisciplinar integral e gratuito para pacientes com Alzheimer, al\u00e9m de medicamentos que ajudam a retardar a evolu\u00e7\u00e3o dos sintomas.\u00a0Os cuidados dedicados \u00e0s pessoas com Alzheimer, por\u00e9m, devem ocorrer em tempo integral. Cuidadores, enfermeiras, outros profissionais e familiares, mesmo fora do ambiente dos centros de refer\u00eancia, hospitais e cl\u00ednicas, podem encarregar-se de detalhes relativos \u00e0 alimenta\u00e7\u00e3o, ambiente e outros aspectos que podem elevar a qualidade de vida dos pacientes.<\/p><p><strong style=\"font-size: 14px;\">IMPORTANTE:<\/strong><span style=\"font-size: 14px;\">\u00a0A Doen\u00e7a de Alzheimer \u00e9\u00a0a forma mais comum de dem\u00eancia neurodegenerativa em pessoas de idade, sendo respons\u00e1vel por mais da metade dos casos de dem\u00eancia nessa popula\u00e7\u00e3o. A causa ainda \u00e9 desconhecida, mas acredita-se que seja geneticamente determinada.<\/span><\/p><h3><strong>Quais s\u00e3o os sintomas do Alzheimer?<\/strong><\/h3><p>O primeiro sintoma, e o mais caracter\u00edsitco, do Mal de Alzheimer \u00e9 a perda de mem\u00f3ria recente. Com a progress\u00e3o da doen\u00e7a,\u00a0v\u00e3o aparecendo sintomas mais graves como, a perda de mem\u00f3ria remota (ou seja, dos fatos mais antigos), bem como irritabilidade, falhas na linguagem, preju\u00edzo na capacidade de se orientar no espa\u00e7o e no tempo.<\/p><p>Entre os principais sinais e sintomas do Alzheimer est\u00e3o:<\/p><ul><li>falta de mem\u00f3ria para acontecimentos recentes;<\/li><li>repeti\u00e7\u00e3o da mesma pergunta v\u00e1rias vezes;<\/li><li>dificuldade para acompanhar conversa\u00e7\u00f5es ou pensamentos complexos;<\/li><li>incapacidade de elaborar estrat\u00e9gias para resolver problemas;<\/li><li>dificuldade para dirigir autom\u00f3vel e encontrar caminhos conhecidos;<\/li><li>dificuldade para encontrar palavras que exprimam ideias ou sentimentos pessoais;<\/li><li>irritabilidade, suspei\u00e7\u00e3o injustificada, agressividade, passividade, interpreta\u00e7\u00f5es erradas de est\u00edmulos visuais ou auditivos, tend\u00eancia ao isolamento.<\/li><\/ul><h3><strong>Como \u00e9 feito o tratamento da Doen\u00e7a de Alzheimer?<\/strong><\/h3><p>A doen\u00e7a de Alzheimer \u00e9 incur\u00e1vel. Dessa forma, o\u00a0objetivo do tratamento \u00e9 retardar a evolu\u00e7\u00e3o dos sintomas e preservar pelo maior tempo poss\u00edvel as fun\u00e7\u00f5es intelectuais da pessoa. Os melhores resultados s\u00e3o obtidos quando o tratamento \u00e9 iniciado nas fases mais precoces da doen\u00e7a.<\/p><p>Uma vez iniciado, o tratamento precisa ser reavaliado pelo m\u00e9dico ao completar um m\u00eas, mas deve ser mantido obrigatoriamente por um per\u00edodo m\u00ednimo de 3 a 6 meses, para que se possa ter ideia da efic\u00e1cia do tratamento. Enquanto a resposta for favor\u00e1vel, o medicamento, indicado conforme cada caso, n\u00e3o deve ser suspenso, sendo fundamental a tomada di\u00e1ria nas doses e observar os intervalos prescritos. A administra\u00e7\u00e3o irregular compromete o resultado final.<\/p><p>Numa doen\u00e7a que progressiva nem sempre \u00e9 f\u00e1cil avaliar resultados. Esse \u00e9 o caso do Alzheimer. Por essa raz\u00e3o, \u00e9 fundamental que os familiares utilizem um di\u00e1rio para anotar a evolu\u00e7\u00e3o dos sintomas. Como fazer essas an\u00e1lises?\u00a0Por meio de perguntas simples, com as devidas anota\u00e7\u00f5es:<\/p><ul><li>A mem\u00f3ria est\u00e1 melhor?<\/li><li>Os afazeres di\u00e1rios s\u00e3o cumpridos com mais facilidade?<\/li><li>O quadro est\u00e1 est\u00e1vel?<\/li><li>O decl\u00ednio ocorre de forma mais lenta do que antes da medica\u00e7\u00e3o?<\/li><\/ul><p><strong>Sem essas anota\u00e7\u00f5es fica imposs\u00edvel avaliar a efic\u00e1cia do tratamento.<\/strong><\/p><p>Os servi\u00e7os e tratamentos para a Doen\u00e7a de Alzheimer s\u00e3o ofertados nos Centros Especializados em Reabilita\u00e7\u00e3o, que s\u00e3o pontos de aten\u00e7\u00e3o ambulatorial especializados em reabilita\u00e7\u00e3o que realizam diagn\u00f3sticos e o tratamento completo para a pessoa com Alzheimer.<\/p><h3><strong>Quais s\u00e3o os fatores de risco da Doen\u00e7a de Alzheimer?<\/strong><\/h3><p>A identifica\u00e7\u00e3o de fatores de risco e da Doen\u00e7a de Alzheimer em seu est\u00e1gio inicial e o encaminhamento \u00e1gil e adequado\u00a0para o atendimento especializado d\u00e3o \u00e0 Aten\u00e7\u00e3o B\u00e1sica, principal porta de entrada para o Sistema \u00danico de Sa\u00fade (SUS), um car\u00e1ter essencial para um melhor resultado\u00a0terap\u00eautico e progn\u00f3stico dos casos.<\/p><p>Alguns fatores de risco para o Alzheimer s\u00e3o:<\/p><ul><li>a idade e a hist\u00f3ria familiar: a dem\u00eancia \u00e9 mais prov\u00e1vel se a pessoa tem algum familiar que j\u00e1 sofreu do problema;<\/li><li>baixo n\u00edvel de escolaridade: pessoas com maior n\u00edvel de escolaridade geralmente executam atividades intelectuais mais complexas, que oferecem uma maior quantidade de est\u00edmulos cerebrais.<\/li><\/ul><p><strong>IMPORTANTE:<\/strong>\u00a0Quanto maior for a estimula\u00e7\u00e3o cerebral da pessoa, maior ser\u00e1 o n\u00famero de conex\u00f5es criadas entre as c\u00e9lulas nervosas, chamadas neur\u00f4nios. Esses novos caminhos criados ampliam a possibilidade de contornar as les\u00f5es cerebrais, sendo necess\u00e1ria uma maior perda de neur\u00f4nios para que os sintomas de dem\u00eancia comecem a aparecer. Por isso, uma maneira de retardar o processo da doen\u00e7a \u00e9 a estimula\u00e7\u00e3o cognitiva constante e diversificada ao longo da vida.<\/p><h3><strong>Cuidados especiais com as pessoas que t\u00eam Alzheimer<\/strong><\/h3><p>\u00c9 necess\u00e1rio seguir algumas dicas e orienta\u00e7\u00f5es para cuidar de pessoas com Alzheimer, em especial aos pacientes que fazem tratamento em casa (Home Care), ajudando a dar maior conforto e qualidade de vida.\u00a0<\/p><p><strong>Para evitar quedas em casa<\/strong><\/p><ul><li>Conserve objetos de uso cotidiano sempre no mesmo lugar e com f\u00e1cil acesso.<\/li><li>Evite produtos que deixem o piso escorregadio, al\u00e9m de tapetes e capachos.<\/li><li>Deixe os locais de circula\u00e7\u00e3o livres.<\/li><li>Ilumine todos os c\u00f4modos da casa.<\/li><li>Evite que o idoso use chinelos e sapatos com sola lisa, desamarrados ou mal ajustados.<\/li><li>Eleve a altura das cadeiras, poltronas, camas e vasos sanit\u00e1rios.<\/li><li>Utilize corrim\u00e3o em escadas.<\/li><\/ul><p><strong>Para diminuir a agita\u00e7\u00e3o\u00a0<\/strong><\/p><ul><li>N\u00e3o receba muitas visitas em casa de uma s\u00f3 vez.<\/li><li>Evite barulhos, ru\u00eddos, sons muito altos e discuss\u00f5es em casa.<\/li><li>Evite mudan\u00e7as bruscas na rotina do paciente.<\/li><li>Crie distra\u00e7\u00f5es, busque novos assuntos, acaricie e abrace a pessoa.<\/li><li>Fale tranquilamente e n\u00e3o discuta com o paciente.<\/li><li>Pe\u00e7a ajuda ao m\u00e9dico, caso n\u00e3o consiga acalmar o idoso.<\/li><li>Cuidados simples podem aumentar qualidade de vida de pessoas com Alzheimer.<\/li><\/ul><p><strong>Para evitar desequilibrios na sa\u00fade\u00a0<\/strong><\/p><ul><li>Busque orienta\u00e7\u00e3o de um nutricionista sobre a dieta adequada nos diferentes est\u00e1gios da doen\u00e7a.<\/li><li>Mantenha uma rotina de hor\u00e1rio e local para as refei\u00e7\u00f5es.<\/li><li>Varie refei\u00e7\u00f5es e as ofere\u00e7a em pequenas por\u00e7\u00f5es em pequenos intervalos.<\/li><li>Ofere\u00e7a em m\u00e9dia oito copos de l\u00edquidos por dia (ch\u00e1s, \u00e1gua, sucos etc.).<\/li><li>Ofere\u00e7a alimentos com consist\u00eancia adequada \u00e0s possibilidades de mastiga\u00e7\u00e3o.<\/li><li>Cuide da higiene bucal e leve o idoso ao dentista periodicamente<\/li><\/ul><p><strong>Para evitar acidentes no banho<\/strong><\/p><ul><li>Cadeira ou banco para o idoso tomar banho sentado.<\/li><li>Barra de apoio ao lado do vaso sanit\u00e1rio.<\/li><li>Piso antiderrapante.<\/li><li>Suporte de sabonete.<\/li><li>Chuveiro ajust\u00e1vel.<\/li><li>Al\u00e7as ou barras de apoio nos boxes.<\/li><li>Porta do banheiro sem trincos e sem chaves.<\/li><\/ul><p><strong>Para uma autoimagem positiva<\/strong><\/p><ul><li>Estabele\u00e7a e mantenha uma rotina de asseio.<\/li><li>Permita que o idoso cuide de si mesmo tanto quanto poss\u00edvel.<\/li><li>Materiais de banho e roupas devem ficar dispostos na ordem de utiliza\u00e7\u00e3o.<\/li><li>Enxugue a pele com delicadeza e use hidratantes.<\/li><li>Lave e seque os cabelos.<\/li><li>Leve o idoso ao sanit\u00e1rio a cada tr\u00eas horas ou intervalos menores.<\/li><li>Troque fralda e len\u00e7\u00f3is sempre ap\u00f3s ocorr\u00eancia de urina ou fezes.<\/li><li>Mantenha a cama sempre limpa e os len\u00e7\u00f3is bem esticados.<\/li><\/ul><p><strong>Para evitar estresse<\/strong><\/p><ul><li>N\u00e3o trate a pessoa como uma crian\u00e7a nem fale dela como se estivesse ausente.<\/li><li>Cheque aparatos como \u00f3culos, aparelhos de surdez e mesmo pr\u00f3teses dent\u00e1rias.<\/li><li>Fale de maneira suave e pausada, transmitindo seguran\u00e7a.<\/li><li>Escolha palavras simples, frases curtas e tom de voz am\u00e1vel e tranquilo.<\/li><li>Chame a pessoa pelo nome e segure sua m\u00e3o enquanto conversam.<\/li><li>D\u00ea tempo suficiente para respostas a perguntas e demonstre que compreendeu.<\/li><li>Evite discutir e dar ordens. Fale sempre no positivo, dizendo-lhe o que pode e o que deve fazer.<\/li><\/ul><h3><strong>Como \u00e9 feito o diagn\u00f3stico da Doen\u00e7a de Alzheimer?<\/strong><\/h3><p>O diagn\u00f3stico da Doen\u00e7a de Alzheimer \u00e9 por exclus\u00e3o. O rastreamento inicial deve incluir avalia\u00e7\u00e3o de depress\u00e3o e exames de laborat\u00f3rio com \u00eanfase especial na fun\u00e7\u00e3o da tireoide e nos n\u00edveis de vitamina B12 no sangue.<\/p><p>O diagn\u00f3stico do Alzheimer no paciente que apresenta problemas de mem\u00f3ria \u00e9 baseado na identifica\u00e7\u00e3o das modifica\u00e7\u00f5es cognitivas espec\u00edficas. Exames f\u00edsicos e neurol\u00f3gicos cuidadosos acompanhados de avalia\u00e7\u00e3o do estado mental para identificar os d\u00e9ficits de mem\u00f3ria, de linguagem, al\u00e9m de visoespaciais, que \u00e9 a percep\u00e7\u00e3o de espa\u00e7o.<\/p><p>Vale ressaltar mais uma vez que o diagn\u00f3stico precoce, o tratamento adequado e em tempo oportuno \u00e9 fundamental para possibilitar o al\u00edvio dos sintomas e a estabiliza\u00e7\u00e3o ou retardo da progress\u00e3o da doen\u00e7a.<\/p><p><strong style=\"color: #333333; font-size: 18px;\">Como prevenir a Doen\u00e7a de Alzheimer?<\/strong><\/p><p>A Doen\u00e7a de Alzheimer ainda n\u00e3o possui uma forma de preven\u00e7\u00e3o espec\u00edfica, no entanto os m\u00e9dicos acreditam que manter a cabe\u00e7a ativa e uma boa vida social, regada a bons h\u00e1bitos e estilos, pode retardar ou at\u00e9 mesmo inibir a manifesta\u00e7\u00e3o da doen\u00e7a.\u00a0<\/p><p>Com isso, as principais formas de prevenir, n\u00e3o apenas o Alzheimer, mas outras doen\u00e7as cr\u00f4nicas como\u00a0<a href=\"http:\/\/www.saude.gov.br\/diabetes\" target=\"_blank\" rel=\"noopener\">diabetes<\/a>,\u00a0<a href=\"http:\/\/www.saude.gov.br\/cancer\" target=\"_blank\" rel=\"noopener\">c\u00e2ncer<\/a>\u00a0e\u00a0<a href=\"http:\/\/www.saude.gov.br\/hipertensao\" target=\"_blank\" rel=\"noopener\">hipertens\u00e3o<\/a>, por exemplo, s\u00e3o:<\/p><ul><li>Estudar, ler, pensar, manter a mente sempre ativa.<\/li><li>Fazer exerc\u00edcios de aritm\u00e9tica.<\/li><li>Jogos inteligentes.<\/li><li>Atividades em grupo.<\/li><li>N\u00e3o fumar.<\/li><li>N\u00e3o consumir bebida alco\u00f3lica.<\/li><li>Ter alimenta\u00e7\u00e3o saud\u00e1vel e regrada.<\/li><li>Fazer pr\u00e1tica de atividades f\u00edsicas regulares.<\/li><\/ul><p><b>Fonte:<\/b> <a href=\"http:\/\/www.saude.gov.br\/saude-de-a-z\/alzheimer\" target=\"_blank\" rel=\"noopener\">Minist\u00e9rio da Sa\u00fade<\/a><\/p>\t\t\t\t\t\t\t\t<\/div>\n\t\t\t\t<\/div>\n\t\t\t\t<div class=\"elementor-element elementor-element-4f0f4ef elementor-widget elementor-widget-video\" data-id=\"4f0f4ef\" data-element_type=\"widget\" data-e-type=\"widget\" data-settings=\"{&quot;youtube_url&quot;:&quot;https:\\\/\\\/www.youtube.com\\\/watch?v=ArFbR6-wKSI&quot;,&quot;video_type&quot;:&quot;youtube&quot;,&quot;controls&quot;:&quot;yes&quot;}\" data-widget_type=\"video.default\">\n\t\t\t\t<div class=\"elementor-widget-container\">\n\t\t\t\t\t\t\t<div class=\"elementor-wrapper elementor-open-inline\">\n\t\t\t<div class=\"elementor-video\"><\/div>\t\t<\/div>\n\t\t\t\t\t\t<\/div>\n\t\t\t\t<\/div>\n\t\t\t\t<div class=\"elementor-element elementor-element-0ad38b7 elementor-widget elementor-widget-text-editor\" data-id=\"0ad38b7\" data-element_type=\"widget\" data-e-type=\"widget\" data-widget_type=\"text-editor.default\">\n\t\t\t\t<div class=\"elementor-widget-container\">\n\t\t\t\t\t\t\t\t\t<p>\t\t<div data-elementor-type=\"wp-post\" data-elementor-id=\"514\" class=\"elementor elementor-514\" data-elementor-post-type=\"elementor-hf\">\n\t\t\t\t\t\t<section class=\"elementor-section elementor-top-section elementor-element elementor-element-d58eb3b elementor-section-full_width elementor-section-height-default elementor-section-height-default\" data-id=\"d58eb3b\" data-element_type=\"section\" data-e-type=\"section\">\n\t\t\t\t\t\t<div class=\"elementor-container elementor-column-gap-narrow\">\n\t\t\t\t\t<div class=\"elementor-column elementor-col-33 elementor-top-column elementor-element elementor-element-1514cda\" data-id=\"1514cda\" data-element_type=\"column\" data-e-type=\"column\">\n\t\t\t<div class=\"elementor-widget-wrap elementor-element-populated\">\n\t\t\t\t\t\t<div class=\"elementor-element elementor-element-ac5edb7 elementor-button-success elementor-align-justify elementor-widget elementor-widget-button\" data-id=\"ac5edb7\" data-element_type=\"widget\" data-e-type=\"widget\" data-widget_type=\"button.default\">\n\t\t\t\t<div class=\"elementor-widget-container\">\n\t\t\t\t\t\t\t\t\t<div class=\"elementor-button-wrapper\">\n\t\t\t\t\t<a class=\"elementor-button elementor-button-link elementor-size-lg\" href=\"https:\/\/www.imeclinicacidada.com.br\/v1\/equipe-medica-ime-clinica-cidada\/\">\n\t\t\t\t\t\t<span class=\"elementor-button-content-wrapper\">\n\t\t\t\t\t\t<span class=\"elementor-button-icon\">\n\t\t\t\t<i aria-hidden=\"true\" class=\"fas fa-briefcase-medical\"><\/i>\t\t\t<\/span>\n\t\t\t\t\t\t\t\t\t<span class=\"elementor-button-text\">Nossos M\u00e9dicos<\/span>\n\t\t\t\t\t<\/span>\n\t\t\t\t\t<\/a>\n\t\t\t\t<\/div>\n\t\t\t\t\t\t\t\t<\/div>\n\t\t\t\t<\/div>\n\t\t\t\t\t<\/div>\n\t\t<\/div>\n\t\t\t\t<div class=\"elementor-column elementor-col-33 elementor-top-column elementor-element elementor-element-c762a15\" data-id=\"c762a15\" data-element_type=\"column\" data-e-type=\"column\">\n\t\t\t<div class=\"elementor-widget-wrap\">\n\t\t\t\t\t\t\t<\/div>\n\t\t<\/div>\n\t\t\t\t<div class=\"elementor-column elementor-col-33 elementor-top-column elementor-element elementor-element-1ff0650\" data-id=\"1ff0650\" data-element_type=\"column\" data-e-type=\"column\">\n\t\t\t<div class=\"elementor-widget-wrap elementor-element-populated\">\n\t\t\t\t\t\t<div class=\"elementor-element elementor-element-2579197 elementor-button-success elementor-align-justify elementor-widget elementor-widget-button\" data-id=\"2579197\" data-element_type=\"widget\" data-e-type=\"widget\" data-widget_type=\"button.default\">\n\t\t\t\t<div class=\"elementor-widget-container\">\n\t\t\t\t\t\t\t\t\t<div class=\"elementor-button-wrapper\">\n\t\t\t\t\t<a class=\"elementor-button elementor-button-link elementor-size-lg\" href=\"https:\/\/www.imeclinicacidada.com.br\/v1\/especialidades\/\">\n\t\t\t\t\t\t<span class=\"elementor-button-content-wrapper\">\n\t\t\t\t\t\t<span class=\"elementor-button-icon\">\n\t\t\t\t<i aria-hidden=\"true\" class=\"fas fa-clinic-medical\"><\/i>\t\t\t<\/span>\n\t\t\t\t\t\t\t\t\t<span class=\"elementor-button-text\">Nossas Especialidades<\/span>\n\t\t\t\t\t<\/span>\n\t\t\t\t\t<\/a>\n\t\t\t\t<\/div>\n\t\t\t\t\t\t\t\t<\/div>\n\t\t\t\t<\/div>\n\t\t\t\t\t<\/div>\n\t\t<\/div>\n\t\t\t\t\t<\/div>\n\t\t<\/section>\n\t\t\t\t<\/div>\n\t\t<\/p>\t\t\t\t\t\t\t\t<\/div>\n\t\t\t\t<\/div>\n\t\t\t\t\t<\/div>\n\t\t<\/div>\n\t\t\t\t\t<\/div>\n\t\t<\/section>\n\t\t\t\t<\/div>\n\t\t","protected":false},"excerpt":{"rendered":"<p>A Doen\u00e7a de Alzheimer (DA) \u00e9 um transtorno neurodegenerativo progressivo e fatal que se manifesta pela deteriora\u00e7\u00e3o cognitiva e da mem\u00f3ria, comprometimento progressivo das atividades de vida di\u00e1ria e uma variedade de sintomas neuropsiqui\u00e1tricos e de altera\u00e7\u00f5es comportamentais. A doen\u00e7a instala-se quando o processamento de certas prote\u00ednas do sistema nervoso central come\u00e7a a dar errado.<\/p>\n","protected":false},"author":1,"featured_media":251,"comment_status":"closed","ping_status":"closed","sticky":false,"template":"","format":"standard","meta":{"ocean_post_layout":"","ocean_both_sidebars_style":"","ocean_both_sidebars_content_width":0,"ocean_both_sidebars_sidebars_width":0,"ocean_sidebar":"0","ocean_second_sidebar":"0","ocean_disable_margins":"enable","ocean_add_body_class":"","ocean_shortcode_before_top_bar":"","ocean_shortcode_after_top_bar":"","ocean_shortcode_before_header":"","ocean_shortcode_after_header":"","ocean_has_shortcode":"","ocean_shortcode_after_title":"","ocean_shortcode_before_footer_widgets":"","ocean_shortcode_after_footer_widgets":"","ocean_shortcode_before_footer_bottom":"","ocean_shortcode_after_footer_bottom":"","ocean_display_top_bar":"default","ocean_display_header":"default","ocean_header_style":"","ocean_center_header_left_menu":"0","ocean_custom_header_template":"0","ocean_custom_logo":0,"ocean_custom_retina_logo":0,"ocean_custom_logo_max_width":0,"ocean_custom_logo_tablet_max_width":0,"ocean_custom_logo_mobile_max_width":0,"ocean_custom_logo_max_height":0,"ocean_custom_logo_tablet_max_height":0,"ocean_custom_logo_mobile_max_height":0,"ocean_header_custom_menu":"0","ocean_menu_typo_font_family":"0","ocean_menu_typo_font_subset":"","ocean_menu_typo_font_size":0,"ocean_menu_typo_font_size_tablet":0,"ocean_menu_typo_font_size_mobile":0,"ocean_menu_typo_font_size_unit":"px","ocean_menu_typo_font_weight":"","ocean_menu_typo_font_weight_tablet":"","ocean_menu_typo_font_weight_mobile":"","ocean_menu_typo_transform":"","ocean_menu_typo_transform_tablet":"","ocean_menu_typo_transform_mobile":"","ocean_menu_typo_line_height":0,"ocean_menu_typo_line_height_tablet":0,"ocean_menu_typo_line_height_mobile":0,"ocean_menu_typo_line_height_unit":"","ocean_menu_typo_spacing":0,"ocean_menu_typo_spacing_tablet":0,"ocean_menu_typo_spacing_mobile":0,"ocean_menu_typo_spacing_unit":"","ocean_menu_link_color":"","ocean_menu_link_color_hover":"","ocean_menu_link_color_active":"","ocean_menu_link_background":"","ocean_menu_link_hover_background":"","ocean_menu_link_active_background":"","ocean_menu_social_links_bg":"","ocean_menu_social_hover_links_bg":"","ocean_menu_social_links_color":"","ocean_menu_social_hover_links_color":"","ocean_disable_title":"default","ocean_disable_heading":"default","ocean_post_title":"","ocean_post_subheading":"","ocean_post_title_style":"","ocean_post_title_background_color":"","ocean_post_title_background":0,"ocean_post_title_bg_image_position":"","ocean_post_title_bg_image_attachment":"","ocean_post_title_bg_image_repeat":"","ocean_post_title_bg_image_size":"","ocean_post_title_height":0,"ocean_post_title_bg_overlay":0.5,"ocean_post_title_bg_overlay_color":"","ocean_disable_breadcrumbs":"default","ocean_breadcrumbs_color":"","ocean_breadcrumbs_separator_color":"","ocean_breadcrumbs_links_color":"","ocean_breadcrumbs_links_hover_color":"","ocean_display_footer_widgets":"default","ocean_display_footer_bottom":"default","ocean_custom_footer_template":"0","_joinchat":[],"ocean_post_oembed":"","ocean_post_self_hosted_media":"","ocean_post_video_embed":"","ocean_link_format":"","ocean_link_format_target":"self","ocean_quote_format":"","ocean_quote_format_link":"post","ocean_gallery_link_images":"off","ocean_gallery_id":[],"footnotes":""},"categories":[111,134],"tags":[150,112,151],"class_list":["post-250","post","type-post","status-publish","format-standard","has-post-thumbnail","hentry","category-clinico-geral","category-neurologia","tag-alzheimer","tag-clinico-geral","tag-psiquiatria","entry","has-media"],"_links":{"self":[{"href":"https:\/\/imeclinicacidada.com.br\/blog\/wp-json\/wp\/v2\/posts\/250","targetHints":{"allow":["GET"]}}],"collection":[{"href":"https:\/\/imeclinicacidada.com.br\/blog\/wp-json\/wp\/v2\/posts"}],"about":[{"href":"https:\/\/imeclinicacidada.com.br\/blog\/wp-json\/wp\/v2\/types\/post"}],"author":[{"embeddable":true,"href":"https:\/\/imeclinicacidada.com.br\/blog\/wp-json\/wp\/v2\/users\/1"}],"replies":[{"embeddable":true,"href":"https:\/\/imeclinicacidada.com.br\/blog\/wp-json\/wp\/v2\/comments?post=250"}],"version-history":[{"count":5,"href":"https:\/\/imeclinicacidada.com.br\/blog\/wp-json\/wp\/v2\/posts\/250\/revisions"}],"predecessor-version":[{"id":544,"href":"https:\/\/imeclinicacidada.com.br\/blog\/wp-json\/wp\/v2\/posts\/250\/revisions\/544"}],"wp:featuredmedia":[{"embeddable":true,"href":"https:\/\/imeclinicacidada.com.br\/blog\/wp-json\/wp\/v2\/media\/251"}],"wp:attachment":[{"href":"https:\/\/imeclinicacidada.com.br\/blog\/wp-json\/wp\/v2\/media?parent=250"}],"wp:term":[{"taxonomy":"category","embeddable":true,"href":"https:\/\/imeclinicacidada.com.br\/blog\/wp-json\/wp\/v2\/categories?post=250"},{"taxonomy":"post_tag","embeddable":true,"href":"https:\/\/imeclinicacidada.com.br\/blog\/wp-json\/wp\/v2\/tags?post=250"}],"curies":[{"name":"wp","href":"https:\/\/api.w.org\/{rel}","templated":true}]}}