{"id":374,"date":"2019-07-17T16:31:20","date_gmt":"2019-07-17T19:31:20","guid":{"rendered":"https:\/\/www.imeclinicacidada.com.br\/blog\/?p=374"},"modified":"2019-09-22T19:14:50","modified_gmt":"2019-09-22T22:14:50","slug":"gripe","status":"publish","type":"post","link":"https:\/\/imeclinicacidada.com.br\/blog\/gripe\/","title":{"rendered":"Gripe"},"content":{"rendered":"\t\t<div data-elementor-type=\"wp-post\" data-elementor-id=\"374\" class=\"elementor elementor-374\" data-elementor-post-type=\"post\">\n\t\t\t\t\t\t<section class=\"elementor-section elementor-top-section elementor-element elementor-element-936b1c5 elementor-section-boxed elementor-section-height-default elementor-section-height-default\" data-id=\"936b1c5\" data-element_type=\"section\" data-e-type=\"section\">\n\t\t\t\t\t\t<div class=\"elementor-container elementor-column-gap-default\">\n\t\t\t\t\t<div class=\"elementor-column elementor-col-100 elementor-top-column elementor-element elementor-element-fc7156b\" data-id=\"fc7156b\" data-element_type=\"column\" data-e-type=\"column\">\n\t\t\t<div class=\"elementor-widget-wrap elementor-element-populated\">\n\t\t\t\t\t\t<div class=\"elementor-element elementor-element-4d8f804 elementor-widget elementor-widget-text-editor\" data-id=\"4d8f804\" data-element_type=\"widget\" data-e-type=\"widget\" data-widget_type=\"text-editor.default\">\n\t\t\t\t<div class=\"elementor-widget-container\">\n\t\t\t\t\t\t\t\t\t<h3>O que \u00e9 gripe (influenza)?<\/h3><h4>Existem tr\u00eas tipos de v\u00edrus influenza\/gripe que circulam no Brasil: A, B e C.<\/h4><p>O v\u00edrus influenza A e B s\u00e3o respons\u00e1veis por epidemias sazonais, sendo o v\u00edrus influenza A respons\u00e1vel pelas grandes pandemias.<\/p><p>O tipo C causa apenas infec\u00e7\u00f5es respirat\u00f3rias brandas, n\u00e3o possui impacto na sa\u00fade p\u00fablica, n\u00e3o estando relacionado com epidemias.<\/p><p><strong>Tipo A<\/strong>\u00a0&#8211; s\u00e3o encontrados em v\u00e1rias esp\u00e9cies de animais, al\u00e9m dos seres humanos, como su\u00ednos, cavalos, mam\u00edferos marinhos e aves. As aves migrat\u00f3rias desempenham importante papel na dissemina\u00e7\u00e3o natural da doen\u00e7a entre distintos pontos do globo terrestre.<\/p><p>Eles s\u00e3o ainda classificados em subtipos de acordo com as combina\u00e7\u00f5es de 2 prote\u00ednas diferentes, a Hemaglutinina (HA ou H) e a Neuraminidase (NA ou N).<\/p><p>Dentre os subtipos de v\u00edrus influenza A, atualmente os subtipos A(H1N1)pdm09 e A(H3N2) circulam de maneira sazonal e infectam humanos.<\/p><p>Alguns v\u00edrus influenza A de origem animal tamb\u00e9m podem infectar humanos causando doen\u00e7a grave, como os v\u00edrus A(H5N1), A(H7N9), A(H10N8), A(H3N2v), A(H1N2v) e outros.<\/p><p>O v\u00edrus influenza A (H7N9) \u00e9 um subtipo de v\u00edrus influenza A de origem avi\u00e1ria.<\/p><p><strong>Tipo B<\/strong>\u00a0&#8211; infectam exclusivamente os seres humanos. Os v\u00edrus circulantes B podem ser divididos em 2 grupos principais (as linhagens), denominados linhagens B\/ Yamagata e B\/ Victoria. Os v\u00edrus da gripe B n\u00e3o s\u00e3o classificados em subtipos.<\/p><p><strong>Tipo C<\/strong>\u00a0&#8211; infectam humanos e su\u00ednos. \u00c9 detectado com muito menos frequ\u00eancia e geralmente causa infec\u00e7\u00f5es leves, portanto apresenta implica\u00e7\u00f5es menos significativas de sa\u00fade p\u00fablica.<\/p><p>A\u00a0<a href=\"http:\/\/www.saude.gov.br\/saude-de-a-z\/gripe\" target=\"_blank\" rel=\"noopener\">gripe<\/a>\u00a0(Influenza) \u00e9 uma infec\u00e7\u00e3o aguda do sistema respirat\u00f3rio, provocado pelo v\u00edrus da influenza, com grande potencial de transmiss\u00e3o. Inicia-se com febre, dor no corpo, e tosse seca. Normalmente, tem evolu\u00e7\u00e3o por tempo limitado, durando de um a quatro dias, mas pode se apresentar forma grave. O Sistema \u00danico de Sa\u00fade (SUS) concede de forma gratuita a vacina que protege contra os tipos A e B do v\u00edrus.<\/p><p>O v\u00edrus da gripe (Influenza) propaga-se facilmente e \u00e9 respons\u00e1vel por elevadas taxas de hospitaliza\u00e7\u00e3o. Idosos, crian\u00e7as, gestantes e pessoas com doen\u00e7as cr\u00f4nicas, como\u00a0<a href=\"http:\/\/www.saude.gov.br\/saude-de-a-z\/diabetes\" target=\"_blank\" rel=\"noopener\">diabetes<\/a>\u00a0e\u00a0<a href=\"http:\/\/www.saude.gov.br\/saude-de-a-z\/hipertensao\" target=\"_blank\" rel=\"noopener\">hipertens\u00e3o<\/a>, ou imunodefici\u00eancia s\u00e3o mais vulner\u00e1veis aos v\u00edrus.<\/p><h3><strong>Quais s\u00e3o os sintomas da Gripe (Influenza)?<\/strong><\/h3><p><strong>Os principais sintomas da gripe s\u00e3o:\u00a0<\/strong><\/p><ul><li>\u00a0Dor no corpo<\/li><li>Dor de cabe\u00e7a\u00a0<\/li><li>Tosse seca<\/li><\/ul><p>Clinicamente, a gripe (influenza) inicia-se com febre, em geral acima de 38\u00b0C, seguida de dor muscular e de garganta, prostra\u00e7\u00e3o, cefaleia e tosse seca.\u00a0<strong>A febre \u00e9 o sintoma mais importante e dura em torno de 3 dias.<\/strong>\u00a0Os sintomas sist\u00eamicos s\u00e3o muito intensos nos primeiros dias da doen\u00e7a.\u00a0<\/p><p>Com a sua progress\u00e3o, os sintomas respirat\u00f3rios tornam-se mais evidentes e mant\u00eam-se em geral por 3 a 4 dias, ap\u00f3s o desaparecimento da febre.<\/p><p><strong>Adulto<\/strong>\u00a0&#8211; O quadro cl\u00ednico em adultos sadios pode variar de intensidade<\/p><p><strong>Crian\u00e7a\u00a0<\/strong>&#8211; A temperatura pode atingir n\u00edveis mais altos, sendo comum o achado de aumento dos linfonodos cervicais e tamb\u00e9m podem fazer parte os quadros de bronquite ou bronquiolite, al\u00e9m de sintomas gastrointestinais<\/p><p>I<strong>doso &#8211;\u00a0<\/strong>quase sempre se apresentam febris, \u00e0s vezes, sem outros sintomas, mas em geral, a temperatura n\u00e3o atinge n\u00edveis t\u00e3o altos.<\/p><p><strong>Os demais sinais e sintomas da gripe (influenza) s\u00e3o habitualmente de aparecimento s\u00fabito, como:<\/strong><\/p><ul><li>\u00a0Mal-estar.<\/li><li>\u00a0Dor de garganta.<\/li><li>Dor nas juntas.<\/li><li>Prostra\u00e7\u00e3o.<\/li><li>Secre\u00e7\u00e3o nasal excessiva.<\/li><li>Tosse seca.<\/li><\/ul><p><strong>Podem ainda estar presentes na gripe (influenza) os seguintes sinais e sintomas:<\/strong><\/p><ul><li>\u00a0V\u00f4mito.<\/li><li>\u00a0Rouquid\u00e3o.<\/li><li>Olhos avermelhados e lacrimejantes.\u00a0<\/li><\/ul><h3><strong>Como \u00e9 feito o tratamento da Influenza (Gripe)?<\/strong><\/h3><p>Mesmo pessoas vacinadas, ao apresentarem os sintomas da gripe &#8211; especialmente se s\u00e3o integrantes de grupos mais vulner\u00e1veis \u00e0s complica\u00e7\u00f5es &#8211; devem procurar, imediatamente, uma unidade de sa\u00fade. O m\u00e9dico \u00e9 que vai avaliar a necessidade de prescrever uso do antiviral fosfato de Oseltamivir.\u00a0<\/p><p>De acordo com o\u00a0<a href=\"http:\/\/portalarquivos2.saude.gov.br\/images\/pdf\/2018\/abril\/19\/protocolo-influenza-2017.pdf\" target=\"_blank\" rel=\"noopener\">Protocolo de Tratamento de Influenza 2017<\/a>, do Minist\u00e9rio da Sa\u00fade, o uso do antiviral fosfato de Oseltamivir est\u00e1 indicado para todos os casos de s\u00edndrome respirat\u00f3ria aguda grave e casos de s\u00edndrome gripal com condi\u00e7\u00f5es e fatores de risco para complica\u00e7\u00f5es.<\/p><p>O rem\u00e9dio \u00e9 prescrito em receitu\u00e1rio simples e est\u00e1 dispon\u00edvel no Sistema \u00danico de Sa\u00fade (SUS).<\/p><p>O in\u00edcio do tratamento deve ser preferencialmente nas primeiras 48 horas ap\u00f3s o in\u00edcio dos sintomas. O antiviral apresenta benef\u00edcios mesmo se administrado ap\u00f3s 48 horas do in\u00edcio dos sintomas.<\/p><p><strong>Condi\u00e7\u00f5es e fatores de risco para complica\u00e7\u00f5es, com indica\u00e7\u00e3o de tratamento:<\/strong><\/p><ul><li>Gr\u00e1vidas em qualquer idade gestacional;<\/li><li>Pu\u00e9rperas at\u00e9 duas semanas ap\u00f3s o parto (incluindo as que tiveram aborto ou perda fetal);<\/li><li>Adultos \u2265 60 anos;<\/li><li>Crian\u00e7as &lt; 5 anos (sendo que o maior risco de hospitaliza\u00e7\u00e3o \u00e9 em menores de 2 anos, especialmente as menores de 6 meses com maior taxa de mortalidade);<\/li><li>Popula\u00e7\u00e3o ind\u00edgena aldeada ou com dificuldade de acesso<\/li><li>Pneumopatias (incluindo asma); Cardiovasculopatias (excluindo hipertens\u00e3o arterial sist\u00eamica); Nefropatias; Hepatopatias;<\/li><li>Doen\u00e7as hematol\u00f3gicas (incluindo anemia falciforme);<\/li><li>Dist\u00farbios metab\u00f3licos (incluindo diabetes mellitus);<\/li><li>Transtornos neurol\u00f3gicos que podem comprometer a fun\u00e7\u00e3o respirat\u00f3ria ou aumentar o risco de aspira\u00e7\u00e3o (disfun\u00e7\u00e3o cognitiva, les\u00f5es medulares, epilepsia, paralisia cerebral, S\u00edndrome de Down, atraso de desenvolvimento, AVC ou doen\u00e7as neuromusculares);<\/li><li>Imunossupress\u00e3o (incluindo medicamentosa ou pelo v\u00edrus da imunodefici\u00eancia humana);<\/li><li>Obesidade (\u00cdndice de Massa Corporal \u2013 IMC \u2265 40 em adultos);<\/li><li>Indiv\u00edduos menores de 19 anos de idade em uso prolongado com \u00e1cido acetilsalic\u00edlico (risco de S\u00edndrome de Reye).<\/li><\/ul><h3><strong>Viajantes e a Influenza (Gripe)<\/strong><\/h3><p>Em situa\u00e7\u00e3o de viagem, deve-se considerar previamente a situa\u00e7\u00e3o epidemiol\u00f3gica da localidade de destino. Recomenda-se aos viajantes para as \u00e1reas com evid\u00eancia de circula\u00e7\u00e3o de Influenza A (H5N1) e influenza A (H7N9), evitar contato com animais vivos nos mercados e granjas.<\/p><p>Os portadores sintom\u00e1ticos dever\u00e3o buscar assist\u00eancia para tratamento e notifica\u00e7\u00e3o imediata no caso de apresentar febre, tosse, dor de garganta ou dispneia, com hist\u00f3ria de exposi\u00e7\u00e3o nos \u00faltimos 15 dias a \u00e1reas afetadas.<\/p><p>\u00a0<\/p>\t\t\t\t\t\t\t\t<\/div>\n\t\t\t\t<\/div>\n\t\t\t\t<div class=\"elementor-element elementor-element-3e0e0a0 elementor-widget elementor-widget-video\" data-id=\"3e0e0a0\" data-element_type=\"widget\" data-e-type=\"widget\" data-settings=\"{&quot;youtube_url&quot;:&quot;https:\\\/\\\/www.youtube.com\\\/watch?v=_NuDt6u_4c0&quot;,&quot;video_type&quot;:&quot;youtube&quot;,&quot;controls&quot;:&quot;yes&quot;}\" data-widget_type=\"video.default\">\n\t\t\t\t<div class=\"elementor-widget-container\">\n\t\t\t\t\t\t\t<div class=\"elementor-wrapper elementor-open-inline\">\n\t\t\t<div class=\"elementor-video\"><\/div>\t\t<\/div>\n\t\t\t\t\t\t<\/div>\n\t\t\t\t<\/div>\n\t\t\t\t<div class=\"elementor-element elementor-element-94035c8 elementor-widget elementor-widget-text-editor\" data-id=\"94035c8\" data-element_type=\"widget\" data-e-type=\"widget\" data-widget_type=\"text-editor.default\">\n\t\t\t\t<div class=\"elementor-widget-container\">\n\t\t\t\t\t\t\t\t\t<p>\t\t<div data-elementor-type=\"wp-post\" data-elementor-id=\"514\" class=\"elementor elementor-514\" data-elementor-post-type=\"elementor-hf\">\n\t\t\t\t\t\t<section class=\"elementor-section elementor-top-section elementor-element elementor-element-d58eb3b elementor-section-full_width elementor-section-height-default elementor-section-height-default\" data-id=\"d58eb3b\" data-element_type=\"section\" data-e-type=\"section\">\n\t\t\t\t\t\t<div class=\"elementor-container elementor-column-gap-narrow\">\n\t\t\t\t\t<div class=\"elementor-column elementor-col-33 elementor-top-column elementor-element elementor-element-1514cda\" data-id=\"1514cda\" data-element_type=\"column\" data-e-type=\"column\">\n\t\t\t<div class=\"elementor-widget-wrap elementor-element-populated\">\n\t\t\t\t\t\t<div class=\"elementor-element elementor-element-ac5edb7 elementor-button-success elementor-align-justify elementor-widget elementor-widget-button\" data-id=\"ac5edb7\" data-element_type=\"widget\" data-e-type=\"widget\" data-widget_type=\"button.default\">\n\t\t\t\t<div class=\"elementor-widget-container\">\n\t\t\t\t\t\t\t\t\t<div class=\"elementor-button-wrapper\">\n\t\t\t\t\t<a class=\"elementor-button elementor-button-link elementor-size-lg\" href=\"https:\/\/www.imeclinicacidada.com.br\/v1\/equipe-medica-ime-clinica-cidada\/\">\n\t\t\t\t\t\t<span class=\"elementor-button-content-wrapper\">\n\t\t\t\t\t\t<span class=\"elementor-button-icon\">\n\t\t\t\t<i aria-hidden=\"true\" class=\"fas fa-briefcase-medical\"><\/i>\t\t\t<\/span>\n\t\t\t\t\t\t\t\t\t<span class=\"elementor-button-text\">Nossos M\u00e9dicos<\/span>\n\t\t\t\t\t<\/span>\n\t\t\t\t\t<\/a>\n\t\t\t\t<\/div>\n\t\t\t\t\t\t\t\t<\/div>\n\t\t\t\t<\/div>\n\t\t\t\t\t<\/div>\n\t\t<\/div>\n\t\t\t\t<div class=\"elementor-column elementor-col-33 elementor-top-column elementor-element elementor-element-c762a15\" data-id=\"c762a15\" data-element_type=\"column\" data-e-type=\"column\">\n\t\t\t<div class=\"elementor-widget-wrap\">\n\t\t\t\t\t\t\t<\/div>\n\t\t<\/div>\n\t\t\t\t<div class=\"elementor-column elementor-col-33 elementor-top-column elementor-element elementor-element-1ff0650\" data-id=\"1ff0650\" data-element_type=\"column\" data-e-type=\"column\">\n\t\t\t<div class=\"elementor-widget-wrap elementor-element-populated\">\n\t\t\t\t\t\t<div class=\"elementor-element elementor-element-2579197 elementor-button-success elementor-align-justify elementor-widget elementor-widget-button\" data-id=\"2579197\" data-element_type=\"widget\" data-e-type=\"widget\" data-widget_type=\"button.default\">\n\t\t\t\t<div class=\"elementor-widget-container\">\n\t\t\t\t\t\t\t\t\t<div class=\"elementor-button-wrapper\">\n\t\t\t\t\t<a class=\"elementor-button elementor-button-link elementor-size-lg\" href=\"https:\/\/www.imeclinicacidada.com.br\/v1\/especialidades\/\">\n\t\t\t\t\t\t<span class=\"elementor-button-content-wrapper\">\n\t\t\t\t\t\t<span class=\"elementor-button-icon\">\n\t\t\t\t<i aria-hidden=\"true\" class=\"fas fa-clinic-medical\"><\/i>\t\t\t<\/span>\n\t\t\t\t\t\t\t\t\t<span class=\"elementor-button-text\">Nossas Especialidades<\/span>\n\t\t\t\t\t<\/span>\n\t\t\t\t\t<\/a>\n\t\t\t\t<\/div>\n\t\t\t\t\t\t\t\t<\/div>\n\t\t\t\t<\/div>\n\t\t\t\t\t<\/div>\n\t\t<\/div>\n\t\t\t\t\t<\/div>\n\t\t<\/section>\n\t\t\t\t<\/div>\n\t\t<\/p>\t\t\t\t\t\t\t\t<\/div>\n\t\t\t\t<\/div>\n\t\t\t\t\t<\/div>\n\t\t<\/div>\n\t\t\t\t\t<\/div>\n\t\t<\/section>\n\t\t\t\t<\/div>\n\t\t","protected":false},"excerpt":{"rendered":"<p>O v\u00edrus influenza A e B s\u00e3o respons\u00e1veis por epidemias sazonais, sendo o v\u00edrus influenza A respons\u00e1vel pelas grandes pandemias.<\/p>\n<p>O tipo C causa apenas infec\u00e7\u00f5es respirat\u00f3rias brandas, n\u00e3o possui impacto na sa\u00fade p\u00fablica, n\u00e3o estando relacionado com epidemias.<\/p>\n","protected":false},"author":1,"featured_media":386,"comment_status":"closed","ping_status":"closed","sticky":false,"template":"","format":"standard","meta":{"ocean_post_layout":"","ocean_both_sidebars_style":"","ocean_both_sidebars_content_width":0,"ocean_both_sidebars_sidebars_width":0,"ocean_sidebar":"0","ocean_second_sidebar":"0","ocean_disable_margins":"enable","ocean_add_body_class":"","ocean_shortcode_before_top_bar":"","ocean_shortcode_after_top_bar":"","ocean_shortcode_before_header":"","ocean_shortcode_after_header":"","ocean_has_shortcode":"","ocean_shortcode_after_title":"","ocean_shortcode_before_footer_widgets":"","ocean_shortcode_after_footer_widgets":"","ocean_shortcode_before_footer_bottom":"","ocean_shortcode_after_footer_bottom":"","ocean_display_top_bar":"default","ocean_display_header":"default","ocean_header_style":"","ocean_center_header_left_menu":"0","ocean_custom_header_template":"0","ocean_custom_logo":0,"ocean_custom_retina_logo":0,"ocean_custom_logo_max_width":0,"ocean_custom_logo_tablet_max_width":0,"ocean_custom_logo_mobile_max_width":0,"ocean_custom_logo_max_height":0,"ocean_custom_logo_tablet_max_height":0,"ocean_custom_logo_mobile_max_height":0,"ocean_header_custom_menu":"0","ocean_menu_typo_font_family":"0","ocean_menu_typo_font_subset":"","ocean_menu_typo_font_size":0,"ocean_menu_typo_font_size_tablet":0,"ocean_menu_typo_font_size_mobile":0,"ocean_menu_typo_font_size_unit":"px","ocean_menu_typo_font_weight":"","ocean_menu_typo_font_weight_tablet":"","ocean_menu_typo_font_weight_mobile":"","ocean_menu_typo_transform":"","ocean_menu_typo_transform_tablet":"","ocean_menu_typo_transform_mobile":"","ocean_menu_typo_line_height":0,"ocean_menu_typo_line_height_tablet":0,"ocean_menu_typo_line_height_mobile":0,"ocean_menu_typo_line_height_unit":"","ocean_menu_typo_spacing":0,"ocean_menu_typo_spacing_tablet":0,"ocean_menu_typo_spacing_mobile":0,"ocean_menu_typo_spacing_unit":"","ocean_menu_link_color":"","ocean_menu_link_color_hover":"","ocean_menu_link_color_active":"","ocean_menu_link_background":"","ocean_menu_link_hover_background":"","ocean_menu_link_active_background":"","ocean_menu_social_links_bg":"","ocean_menu_social_hover_links_bg":"","ocean_menu_social_links_color":"","ocean_menu_social_hover_links_color":"","ocean_disable_title":"default","ocean_disable_heading":"default","ocean_post_title":"","ocean_post_subheading":"","ocean_post_title_style":"","ocean_post_title_background_color":"","ocean_post_title_background":0,"ocean_post_title_bg_image_position":"","ocean_post_title_bg_image_attachment":"","ocean_post_title_bg_image_repeat":"","ocean_post_title_bg_image_size":"","ocean_post_title_height":0,"ocean_post_title_bg_overlay":0.5,"ocean_post_title_bg_overlay_color":"","ocean_disable_breadcrumbs":"default","ocean_breadcrumbs_color":"","ocean_breadcrumbs_separator_color":"","ocean_breadcrumbs_links_color":"","ocean_breadcrumbs_links_hover_color":"","ocean_display_footer_widgets":"default","ocean_display_footer_bottom":"default","ocean_custom_footer_template":"0","_joinchat":[],"ocean_post_oembed":"","ocean_post_self_hosted_media":"","ocean_post_video_embed":"","ocean_link_format":"","ocean_link_format_target":"self","ocean_quote_format":"","ocean_quote_format_link":"post","ocean_gallery_link_images":"off","ocean_gallery_id":[],"footnotes":""},"categories":[161,111],"tags":[205,206],"class_list":["post-374","post","type-post","status-publish","format-standard","has-post-thumbnail","hentry","category-pneumologia","category-clinico-geral","tag-gripe","tag-influenza","entry","has-media"],"_links":{"self":[{"href":"https:\/\/imeclinicacidada.com.br\/blog\/wp-json\/wp\/v2\/posts\/374","targetHints":{"allow":["GET"]}}],"collection":[{"href":"https:\/\/imeclinicacidada.com.br\/blog\/wp-json\/wp\/v2\/posts"}],"about":[{"href":"https:\/\/imeclinicacidada.com.br\/blog\/wp-json\/wp\/v2\/types\/post"}],"author":[{"embeddable":true,"href":"https:\/\/imeclinicacidada.com.br\/blog\/wp-json\/wp\/v2\/users\/1"}],"replies":[{"embeddable":true,"href":"https:\/\/imeclinicacidada.com.br\/blog\/wp-json\/wp\/v2\/comments?post=374"}],"version-history":[{"count":4,"href":"https:\/\/imeclinicacidada.com.br\/blog\/wp-json\/wp\/v2\/posts\/374\/revisions"}],"predecessor-version":[{"id":541,"href":"https:\/\/imeclinicacidada.com.br\/blog\/wp-json\/wp\/v2\/posts\/374\/revisions\/541"}],"wp:featuredmedia":[{"embeddable":true,"href":"https:\/\/imeclinicacidada.com.br\/blog\/wp-json\/wp\/v2\/media\/386"}],"wp:attachment":[{"href":"https:\/\/imeclinicacidada.com.br\/blog\/wp-json\/wp\/v2\/media?parent=374"}],"wp:term":[{"taxonomy":"category","embeddable":true,"href":"https:\/\/imeclinicacidada.com.br\/blog\/wp-json\/wp\/v2\/categories?post=374"},{"taxonomy":"post_tag","embeddable":true,"href":"https:\/\/imeclinicacidada.com.br\/blog\/wp-json\/wp\/v2\/tags?post=374"}],"curies":[{"name":"wp","href":"https:\/\/api.w.org\/{rel}","templated":true}]}}