{"id":481,"date":"2019-09-02T21:00:08","date_gmt":"2019-09-03T00:00:08","guid":{"rendered":"https:\/\/www.imeclinicacidada.com.br\/blog\/?p=481"},"modified":"2019-09-22T19:04:33","modified_gmt":"2019-09-22T22:04:33","slug":"sindrome-burnout","status":"publish","type":"post","link":"https:\/\/imeclinicacidada.com.br\/blog\/sindrome-burnout\/","title":{"rendered":"S\u00edndrome de Burnout"},"content":{"rendered":"\n<h2 class=\"wp-block-heading\">O que \u00e9 S\u00edndrome de Burnout?<\/h2>\n\n\n\n<p>S\u00edndrome de Burnout&nbsp;ou S\u00edndrome do&nbsp;<strong>Esgotamento Profissional<\/strong>&nbsp;\u00e9 um&nbsp;<strong>disturbio emocional<\/strong>&nbsp;com sintomas de&nbsp;<strong>exaust\u00e3o extrema<\/strong>,&nbsp;<strong>estresse<\/strong>&nbsp;e&nbsp;<strong>esgotamento f\u00edsico<\/strong>&nbsp;resultante de situa\u00e7\u00f5es de trabalho desgastante, que demandam muita competitividade ou responsabilidade.&nbsp;<\/p>\n\n\n\n<p>A principal causa da doen\u00e7a \u00e9 justamente o&nbsp;<strong>excesso de trabalho<\/strong>. Esta s\u00edndrome \u00e9 comum em profissionais que atuam diariamente sob press\u00e3o e com responsabilidades constantes, como m\u00e9dicos, enfermeiros, professores, policiais, jornalistas, dentre outros.<\/p>\n\n\n\n<p>Traduzindo do ingl\u00eas, &#8220;burn&#8221; quer dizer queima e &#8220;out&#8221; exterior.&nbsp;<\/p>\n\n\n\n<p>A&nbsp;<strong>S\u00edndrome de Burnout<\/strong>&nbsp;tamb\u00e9m pode acontecer quando o profissional planeja ou \u00e9 pautado para objetivos de trabalho muito dif\u00edceis, situa\u00e7\u00f5es em que a pessoa possa achar, por algum motivo, n\u00e3o ter capacidades suficientes para os cumprir.<\/p>\n\n\n\n<p>ssa s\u00edndrome pode resultar em estado de&nbsp;depress\u00e3o&nbsp;profunda e por isso \u00e9 essencial procurar apoio profissional no surgimento dos primeiros sintomas.<\/p>\n\n\n\n<h2 class=\"wp-block-heading\">Quais s\u00e3o os principais sintomas da S\u00edndrome de Burnout?<\/h2>\n\n\n\n<p>A S\u00edndrome de Burnout envolve&nbsp;<strong>nervosismo<\/strong>,&nbsp;<strong>sofrimentos psicol\u00f3gicos<\/strong>&nbsp;e&nbsp;<strong>problemas f\u00edsicos<\/strong>, como dor de barriga, cansa\u00e7o excessivo e tonturas.<\/p>\n\n\n\n<p>O estresse e a falta de vontade de sair da cama ou de casa, quando constantes, podem indicar o in\u00edcio da doen\u00e7a.&nbsp;&nbsp;<\/p>\n\n\n\n<p>Os principais sinais e sintomas que podem indicar a S\u00edndrome de Burnout s\u00e3o:<\/p>\n\n\n\n<ul class=\"wp-block-list\"><li>Cansa\u00e7o excessivo, f\u00edsico e mental.<\/li><li>Dor de cabe\u00e7a frequente.<\/li><li>Altera\u00e7\u00f5es no apetite.<\/li><li>Ins\u00f4nia.<\/li><li>Dificuldades de concentra\u00e7\u00e3o.<\/li><li>Sentimentos de fracasso e inseguran\u00e7a.<\/li><li>Negatividade constante.<\/li><li>Sentimentos de derrota e desesperan\u00e7a.<\/li><li>Sentimentos de incompet\u00eancia.<\/li><li>Altera\u00e7\u00f5es repentinas de humor.<\/li><li>Isolamento.<\/li><li>Fadiga.<\/li><li>Press\u00e3o alta.<\/li><li>Dores musculares.<\/li><li>Problemas gastrointestinais.<\/li><li>Altera\u00e7\u00e3o nos batimentos card\u00edacos.<\/li><\/ul>\n\n\n\n<p>Normalmente esses sintomas surgem de forma leve, mas tendem a piorar com o passar dos dias. Por essa raz\u00e3o, muitas pessoas acham que pode ser algo passageiro.<\/p>\n\n\n\n<p>Para evitar problemas mais s\u00e9rios e complica\u00e7\u00f5es da doen\u00e7a,&nbsp;<strong>\u00e9 fundamental buscar apoio profissional<\/strong>assim que notar qualquer sinal.<\/p>\n\n\n\n<p>Pode ser algo passageiro, como pode ser o in\u00edcio da S\u00edndrome de Burnout.<\/p>\n\n\n\n<h2 class=\"wp-block-heading\">Como \u00e9 o diagn\u00f3stico da S\u00edndrome de Burnout?<\/h2>\n\n\n\n<p>O&nbsp;<strong>diagn\u00f3stico da S\u00edndrome de Burnout<\/strong>&nbsp;\u00e9 feita por profissional especialista ap\u00f3s an\u00e1lise cl\u00ednica do paciente.<\/p>\n\n\n\n<p>O&nbsp;<strong>psiquiatra<\/strong>&nbsp;e o&nbsp;<strong>psicol\u00f3go<\/strong>&nbsp;s\u00e3o os profissionais de sa\u00fade indicados para identificar o problema e orientar a melhor forma do tratamento, conforme cada caso.<\/p>\n\n\n\n<p>Muitas pessoas n\u00e3o buscam ajuda m\u00e9dica por n\u00e3o saberem ou n\u00e3o conseguirem identificar todos os sintomas e, por muitas vezes, acabam negligenciando a situa\u00e7\u00e3o sem saber que algo mais s\u00e9rio pode estar acontecendo.<\/p>\n\n\n\n<p>Amigos pr\u00f3ximos e familiares podem ser bons pilares no in\u00edcio, ajudando a pessoa a reconhecer sinais de que precisa de ajuda.&nbsp;<\/p>\n\n\n\n<p>No \u00e2mbito do Sistema \u00danico de Sa\u00fade (SUS), a Rede de Aten\u00e7\u00e3o Psicossocial (RAPS) est\u00e1 apta a oferecer, de forma integral e gratuita, todo tratamento, desde o diagn\u00f3stico at\u00e9 o tratamento medicamentoso.<\/p>\n\n\n\n<p>Os Centros de Aten\u00e7\u00e3o Psicossocial, um dos servi\u00e7os que comp\u00f5e a RAPS, s\u00e3o os locais mais indicados.<\/p>\n\n\n\n<h2 class=\"wp-block-heading\">Qual \u00e9 o tratamento para S\u00edndrome de Burnout?<\/h2>\n\n\n\n<p>O&nbsp;<strong>tratamento da S\u00edndrome de Burnout<\/strong>&nbsp;\u00e9 feito basicamente com psicoterapia, mas tamb\u00e9m pode envolver medicamentos (antidepressivos e\/ou ansiol\u00edticos).<\/p>\n\n\n\n<p>O tratamento normalmente surte efeito entre um e tr\u00eas meses, mas pode perdurar por mais tempo, conforme cada caso.<\/p>\n\n\n\n<p>Mudan\u00e7as nas condi\u00e7\u00f5es de trabalho e, principalmente, mudan\u00e7as nos h\u00e1bitos e estilos de vida.<\/p>\n\n\n\n<p>A&nbsp;<strong>atividade f\u00edsica<\/strong>&nbsp;regular e os exerc\u00edcios de relaxamento devem ser rotineiros, para aliviar o estresse e controlar os sintomas da doen\u00e7a.&nbsp;<\/p>\n\n\n\n<p>Ap\u00f3s diagn\u00f3stico m\u00e9dico, \u00e9 fortemente recomendado que a pessoa tire f\u00e9rias e desenvolva atividades de lazer com pessoas pr\u00f3ximas &#8211; amigos, familiares, c\u00f4njuges etc.<\/p>\n\n\n\n<p><strong>SINAIS DE PIORA:<\/strong>&nbsp; Os sinais de piora do S\u00edndrome de Burnout surgem quando a pessoa n\u00e3o segue o tratamento adequado.<\/p>\n\n\n\n<p>Com isso, os sintomas se agravam e incluem perda total da motiva\u00e7\u00e3o e dist\u00farbios gastrointestinais.&nbsp;<\/p>\n\n\n\n<p>Nos casos mais graves, a pessoa pode desenvolver uma depress\u00e3o, que muitas vezes pode ser indicativo de interna\u00e7\u00e3o para avalia\u00e7\u00e3o detalhada e poss\u00edveis interven\u00e7\u00f5es m\u00e9dicas.<\/p>\n\n\n\n<h2 class=\"wp-block-heading\">Como prevenir a S\u00edndrome de Burnout?<\/h2>\n\n\n\n<p>A<strong>&nbsp;melhor forma de prevenir<\/strong>&nbsp;a S\u00edndrome de Burnout s\u00e3o estrat\u00e9gicas que dimunuam o estresse e a press\u00e3o no trabalho.<\/p>\n\n\n\n<p>Condutas saud\u00e1veis evitam o desenvolvimento da doen\u00e7a, assim como ajudam a tratar sinais e sintomas logo no in\u00edcio.<\/p>\n\n\n\n<p>As principais formas de prevenir a S\u00edndrome de Burnout s\u00e3o:<\/p>\n\n\n\n<ul class=\"wp-block-list\"><li>Defina pequenos objetivos na vida profissional e pessoal.<\/li><li>Participe de atividades de lazer com amigos e familiares.<\/li><li>Fa\u00e7a atividades que &#8220;fujam&#8221; \u00e0 rotina di\u00e1ria, como passear, comer em restaurante ou ir ao cinema.<\/li><li>Evite o contato com pessoas &#8220;negativas&#8221;, especialmente aquelas que reclamam do trabalho ou dos outros.<\/li><li>Converse com algu\u00e9m de confian\u00e7a sobre o que se est\u00e1 sentindo.<\/li><li>Fa\u00e7a atividades f\u00edsicas regulares. Pode ser academia, caminhada, corrida, bicicleta, remo, nata\u00e7\u00e3o etc.<\/li><li>Evite consumo de bebidas alco\u00f3licas, tabaco ou outras drogas, porque s\u00f3 vai piorar a confus\u00e3o mental.<\/li><li>N\u00e3o se automedique nem tome rem\u00e9dios sem prescri\u00e7\u00e3o m\u00e9dica.<\/li><\/ul>\n\n\n\n<p>Outra conduta muito recomendada para prevenir a S\u00edndrome de Burnout \u00e9 descansar adequadamente, com boa noite de sono (pelo menos 8h di\u00e1rias).<\/p>\n\n\n\n<p>\u00c9 fundamental manter o equil\u00edbrio entre o trabalho, lazer, fam\u00edlia, vida social e atividades f\u00edsicas.<\/p>\n\n\n\n<p>Fonte: <a rel=\"noreferrer noopener\" aria-label=\"Minist\u00e9rio da Sa\u00fade (abre numa nova aba)\" href=\"http:\/\/www.saude.gov.br\/saude-de-a-z\/saude-mental\/sindrome-de-burnout\" target=\"_blank\">Minist\u00e9rio da Sa\u00fade<\/a><\/p>\n\n\n\t\t<div data-elementor-type=\"wp-post\" data-elementor-id=\"514\" class=\"elementor elementor-514\" data-elementor-post-type=\"elementor-hf\">\n\t\t\t\t\t\t<section class=\"elementor-section elementor-top-section elementor-element elementor-element-d58eb3b elementor-section-full_width elementor-section-height-default elementor-section-height-default\" data-id=\"d58eb3b\" data-element_type=\"section\" data-e-type=\"section\">\n\t\t\t\t\t\t<div class=\"elementor-container elementor-column-gap-narrow\">\n\t\t\t\t\t<div class=\"elementor-column elementor-col-33 elementor-top-column elementor-element elementor-element-1514cda\" data-id=\"1514cda\" data-element_type=\"column\" data-e-type=\"column\">\n\t\t\t<div class=\"elementor-widget-wrap elementor-element-populated\">\n\t\t\t\t\t\t<div class=\"elementor-element elementor-element-ac5edb7 elementor-button-success elementor-align-justify elementor-widget elementor-widget-button\" data-id=\"ac5edb7\" data-element_type=\"widget\" data-e-type=\"widget\" data-widget_type=\"button.default\">\n\t\t\t\t<div class=\"elementor-widget-container\">\n\t\t\t\t\t\t\t\t\t<div class=\"elementor-button-wrapper\">\n\t\t\t\t\t<a class=\"elementor-button elementor-button-link elementor-size-lg\" href=\"https:\/\/www.imeclinicacidada.com.br\/v1\/equipe-medica-ime-clinica-cidada\/\">\n\t\t\t\t\t\t<span class=\"elementor-button-content-wrapper\">\n\t\t\t\t\t\t<span class=\"elementor-button-icon\">\n\t\t\t\t<i aria-hidden=\"true\" class=\"fas fa-briefcase-medical\"><\/i>\t\t\t<\/span>\n\t\t\t\t\t\t\t\t\t<span class=\"elementor-button-text\">Nossos M\u00e9dicos<\/span>\n\t\t\t\t\t<\/span>\n\t\t\t\t\t<\/a>\n\t\t\t\t<\/div>\n\t\t\t\t\t\t\t\t<\/div>\n\t\t\t\t<\/div>\n\t\t\t\t\t<\/div>\n\t\t<\/div>\n\t\t\t\t<div class=\"elementor-column elementor-col-33 elementor-top-column elementor-element elementor-element-c762a15\" data-id=\"c762a15\" data-element_type=\"column\" data-e-type=\"column\">\n\t\t\t<div class=\"elementor-widget-wrap\">\n\t\t\t\t\t\t\t<\/div>\n\t\t<\/div>\n\t\t\t\t<div class=\"elementor-column elementor-col-33 elementor-top-column elementor-element elementor-element-1ff0650\" data-id=\"1ff0650\" data-element_type=\"column\" data-e-type=\"column\">\n\t\t\t<div class=\"elementor-widget-wrap elementor-element-populated\">\n\t\t\t\t\t\t<div class=\"elementor-element elementor-element-2579197 elementor-button-success elementor-align-justify elementor-widget elementor-widget-button\" data-id=\"2579197\" data-element_type=\"widget\" data-e-type=\"widget\" data-widget_type=\"button.default\">\n\t\t\t\t<div class=\"elementor-widget-container\">\n\t\t\t\t\t\t\t\t\t<div class=\"elementor-button-wrapper\">\n\t\t\t\t\t<a class=\"elementor-button elementor-button-link elementor-size-lg\" href=\"https:\/\/www.imeclinicacidada.com.br\/v1\/especialidades\/\">\n\t\t\t\t\t\t<span class=\"elementor-button-content-wrapper\">\n\t\t\t\t\t\t<span class=\"elementor-button-icon\">\n\t\t\t\t<i aria-hidden=\"true\" class=\"fas fa-clinic-medical\"><\/i>\t\t\t<\/span>\n\t\t\t\t\t\t\t\t\t<span class=\"elementor-button-text\">Nossas Especialidades<\/span>\n\t\t\t\t\t<\/span>\n\t\t\t\t\t<\/a>\n\t\t\t\t<\/div>\n\t\t\t\t\t\t\t\t<\/div>\n\t\t\t\t<\/div>\n\t\t\t\t\t<\/div>\n\t\t<\/div>\n\t\t\t\t\t<\/div>\n\t\t<\/section>\n\t\t\t\t<\/div>\n\t\t\n","protected":false},"excerpt":{"rendered":"<p>S\u00edndrome de Burnout ou S\u00edndrome do Esgotamento Profissional \u00e9 um disturbio emocional com sintomas de exaust\u00e3o extrema, estresse e esgotamento f\u00edsico resultante de situa\u00e7\u00f5es de trabalho desgastante, que demandam muita competitividade ou responsabilidade. <\/p>\n","protected":false},"author":1,"featured_media":482,"comment_status":"closed","ping_status":"closed","sticky":false,"template":"","format":"standard","meta":{"ocean_post_layout":"","ocean_both_sidebars_style":"","ocean_both_sidebars_content_width":0,"ocean_both_sidebars_sidebars_width":0,"ocean_sidebar":"0","ocean_second_sidebar":"0","ocean_disable_margins":"enable","ocean_add_body_class":"","ocean_shortcode_before_top_bar":"","ocean_shortcode_after_top_bar":"","ocean_shortcode_before_header":"","ocean_shortcode_after_header":"","ocean_has_shortcode":"","ocean_shortcode_after_title":"","ocean_shortcode_before_footer_widgets":"","ocean_shortcode_after_footer_widgets":"","ocean_shortcode_before_footer_bottom":"","ocean_shortcode_after_footer_bottom":"","ocean_display_top_bar":"default","ocean_display_header":"default","ocean_header_style":"","ocean_center_header_left_menu":"0","ocean_custom_header_template":"0","ocean_custom_logo":0,"ocean_custom_retina_logo":0,"ocean_custom_logo_max_width":0,"ocean_custom_logo_tablet_max_width":0,"ocean_custom_logo_mobile_max_width":0,"ocean_custom_logo_max_height":0,"ocean_custom_logo_tablet_max_height":0,"ocean_custom_logo_mobile_max_height":0,"ocean_header_custom_menu":"0","ocean_menu_typo_font_family":"0","ocean_menu_typo_font_subset":"","ocean_menu_typo_font_size":0,"ocean_menu_typo_font_size_tablet":0,"ocean_menu_typo_font_size_mobile":0,"ocean_menu_typo_font_size_unit":"px","ocean_menu_typo_font_weight":"","ocean_menu_typo_font_weight_tablet":"","ocean_menu_typo_font_weight_mobile":"","ocean_menu_typo_transform":"","ocean_menu_typo_transform_tablet":"","ocean_menu_typo_transform_mobile":"","ocean_menu_typo_line_height":0,"ocean_menu_typo_line_height_tablet":0,"ocean_menu_typo_line_height_mobile":0,"ocean_menu_typo_line_height_unit":"","ocean_menu_typo_spacing":0,"ocean_menu_typo_spacing_tablet":0,"ocean_menu_typo_spacing_mobile":0,"ocean_menu_typo_spacing_unit":"","ocean_menu_link_color":"","ocean_menu_link_color_hover":"","ocean_menu_link_color_active":"","ocean_menu_link_background":"","ocean_menu_link_hover_background":"","ocean_menu_link_active_background":"","ocean_menu_social_links_bg":"","ocean_menu_social_hover_links_bg":"","ocean_menu_social_links_color":"","ocean_menu_social_hover_links_color":"","ocean_disable_title":"default","ocean_disable_heading":"default","ocean_post_title":"","ocean_post_subheading":"","ocean_post_title_style":"","ocean_post_title_background_color":"","ocean_post_title_background":0,"ocean_post_title_bg_image_position":"","ocean_post_title_bg_image_attachment":"","ocean_post_title_bg_image_repeat":"","ocean_post_title_bg_image_size":"","ocean_post_title_height":0,"ocean_post_title_bg_overlay":0.5,"ocean_post_title_bg_overlay_color":"","ocean_disable_breadcrumbs":"default","ocean_breadcrumbs_color":"","ocean_breadcrumbs_separator_color":"","ocean_breadcrumbs_links_color":"","ocean_breadcrumbs_links_hover_color":"","ocean_display_footer_widgets":"default","ocean_display_footer_bottom":"default","ocean_custom_footer_template":"0","_joinchat":[],"ocean_post_oembed":"","ocean_post_self_hosted_media":"","ocean_post_video_embed":"","ocean_link_format":"","ocean_link_format_target":"self","ocean_quote_format":"","ocean_quote_format_link":"post","ocean_gallery_link_images":"off","ocean_gallery_id":[],"footnotes":""},"categories":[114,115],"tags":[152,151],"class_list":["post-481","post","type-post","status-publish","format-standard","has-post-thumbnail","hentry","category-psiquiatria","category-psicologia","tag-psicologo","tag-psiquiatria","entry","has-media"],"_links":{"self":[{"href":"https:\/\/imeclinicacidada.com.br\/blog\/wp-json\/wp\/v2\/posts\/481","targetHints":{"allow":["GET"]}}],"collection":[{"href":"https:\/\/imeclinicacidada.com.br\/blog\/wp-json\/wp\/v2\/posts"}],"about":[{"href":"https:\/\/imeclinicacidada.com.br\/blog\/wp-json\/wp\/v2\/types\/post"}],"author":[{"embeddable":true,"href":"https:\/\/imeclinicacidada.com.br\/blog\/wp-json\/wp\/v2\/users\/1"}],"replies":[{"embeddable":true,"href":"https:\/\/imeclinicacidada.com.br\/blog\/wp-json\/wp\/v2\/comments?post=481"}],"version-history":[{"count":3,"href":"https:\/\/imeclinicacidada.com.br\/blog\/wp-json\/wp\/v2\/posts\/481\/revisions"}],"predecessor-version":[{"id":523,"href":"https:\/\/imeclinicacidada.com.br\/blog\/wp-json\/wp\/v2\/posts\/481\/revisions\/523"}],"wp:featuredmedia":[{"embeddable":true,"href":"https:\/\/imeclinicacidada.com.br\/blog\/wp-json\/wp\/v2\/media\/482"}],"wp:attachment":[{"href":"https:\/\/imeclinicacidada.com.br\/blog\/wp-json\/wp\/v2\/media?parent=481"}],"wp:term":[{"taxonomy":"category","embeddable":true,"href":"https:\/\/imeclinicacidada.com.br\/blog\/wp-json\/wp\/v2\/categories?post=481"},{"taxonomy":"post_tag","embeddable":true,"href":"https:\/\/imeclinicacidada.com.br\/blog\/wp-json\/wp\/v2\/tags?post=481"}],"curies":[{"name":"wp","href":"https:\/\/api.w.org\/{rel}","templated":true}]}}