{"id":574,"date":"2019-12-30T15:52:51","date_gmt":"2019-12-30T17:52:51","guid":{"rendered":"https:\/\/www.imeclinicacidada.com.br\/blog\/?p=574"},"modified":"2019-12-30T15:53:11","modified_gmt":"2019-12-30T17:53:11","slug":"febre-maculosa","status":"publish","type":"post","link":"https:\/\/imeclinicacidada.com.br\/blog\/febre-maculosa\/","title":{"rendered":"Febre Maculosa"},"content":{"rendered":"\n<h2 class=\"wp-block-heading\">O que \u00e9 Febre Maculosa?<\/h2>\n\n\n\n<p>A febre maculosa \u00e9 uma doen\u00e7a infecciosa, febril aguda e de gravidade vari\u00e1vel. Ela pode variar desde as formas cl\u00ednicas leves e at\u00edpicas at\u00e9 formas graves, com elevada taxa de letalidade. A febre maculosa \u00e9 causada por uma bact\u00e9ria do g\u00eanero Rickettsia, transmitida pela picada do carrapato.<\/p>\n\n\n\n<p>No Brasil duas esp\u00e9cies de riqu\u00e9tsias est\u00e3o associadas a quadros cl\u00ednicos da Febre Maculosa:<\/p>\n\n\n\n<ul class=\"wp-block-list\"><li><em>Rickettsia rickettsii,&nbsp;<\/em>queproduz a doen\u00e7a grave registrada no norte do estado do Paran\u00e1 e nos Estados da Regi\u00e3o Sudeste.<\/li><li><em>Rickettsia<\/em>&nbsp;sp. cepa Mata Atl\u00e2ntica, que tem sido registrada em ambientes de Mata Atl\u00e2ntica, produzindo quadros cl\u00ednicos menos graves.<\/li><\/ul>\n\n\n\n<p>No Brasil, os principais vetores e reservat\u00f3rios s\u00e3o os carrapatos do g\u00eanero Amblyomma, tais como&nbsp;<em>A. sculptum<\/em>&nbsp;(=&nbsp;<em>A. cajennense<\/em>) conhecido como carrapato estrela , &nbsp;<em>A. aureolatum<\/em>&nbsp;e&nbsp;<em>A. ovale<\/em>. Entretanto, potencialmente, qualquer esp\u00e9cie de carrapato pode ser reservat\u00f3rio da bact\u00e9ria causadora da Febre Maculosa, como por exemplo, o carrapato do cachorro.<\/p>\n\n\n\n<p><strong>A Febre Maculosa, se n\u00e3o tratada adequadamente, pode evoluir para quadros graves e levar a pessoa \u00e0 morte.<\/strong><strong>IMPORTANTE:<\/strong>&nbsp;De acordo com a Portaria do MS de consolida\u00e7\u00e3o N\u00ba 4 de 03 de outubro de 2017 todo caso de febre maculosa \u00e9 de notifica\u00e7\u00e3o obrigat\u00f3ria \u00e0s autoridades locais de sa\u00fade. Deve-se realizar a investiga\u00e7\u00e3o epidemiol\u00f3gica em at\u00e9 48 horas ap\u00f3s a notifica\u00e7\u00e3o, avaliando a necessidade de ado\u00e7\u00e3o de medidas de controle pertinentes.<\/p>\n\n\n\n<h2 class=\"wp-block-heading\">Quais s\u00e3o os sintomas da Febre Maculosa?<\/h2>\n\n\n\n<p>Os principais sintomas da Febre Maculosa s\u00e3o:<\/p>\n\n\n\n<ul class=\"wp-block-list\"><li>Febre acima de 39\u00baC e calafrios, de in\u00edcio s\u00fabito.<\/li><li>Dor de cabe\u00e7a intensa.<\/li><li>N\u00e1useas e v\u00f4mitos.<\/li><li>Diarreia e dor abdominal.<\/li><li>Dor muscular constante.<\/li><li>Incha\u00e7o e vermelhid\u00e3o nas palmas das m\u00e3os e sola dos p\u00e9s.<\/li><li>Gangrena nos dedos e orelhas.<\/li><li>Paralisia dos membros que inicia nas pernas e vai subindo at\u00e9 os pulm\u00f5es causando paragem respirat\u00f3ria.<\/li><\/ul>\n\n\n\n<p>Al\u00e9m disso, com a evolu\u00e7\u00e3o da&nbsp; Febre Maculosa \u00e9 comum o aparecimento de manchas vermelhas nos pulsos e tornozelos, que n\u00e3o co\u00e7am, mas que podem aumentar em dire\u00e7\u00e3o \u00e0s palmas das m\u00e3os, bra\u00e7os ou solas dos p\u00e9s.<\/p>\n\n\n\n<h2 class=\"wp-block-heading\">Como ocorre a transmiss\u00e3o da Febre Maculosa?<\/h2>\n\n\n\n<p>A transmiss\u00e3o da Febre Maculosa, em seres humanos, \u00e9 basicamente por meio da picada do carrapato infectado pela bact\u00e9ria causadora da doen\u00e7a.&nbsp;Os carrapatos permanecem infectados durante toda a vida, em geral de 18 a 36 meses.<\/p>\n\n\n\n<p>Ao picar e se alimentar do sangue, o carrapato transmite a bact\u00e9ria por meio da saliva. Geralmente a pessoa n\u00e3o percebe que foi picada nem sabe aonde aconteceu, porque a picada n\u00e3o causa dor, apesar de ser o suficiente para abrir espa\u00e7o para a&nbsp;bact\u00e9ria entrar no organismo.<\/p>\n\n\n\n<p>No Brasil, a maior parte dos casos de Febre Maculosa ocorre na regi\u00e3o sudeste e os animais que geralmente s\u00e3o hospedeiros desse tipo de carrapato s\u00e3o a capivara e o cavalo.&nbsp;Ao atravessar a barreira da pele, a bact\u00e9ria causador da Febre Maculosa chega ao c\u00e9rebro, pulm\u00f5es, cora\u00e7\u00e3o, f\u00edgado, ba\u00e7o, p\u00e2ncreas e tubo digestivo, e por isso \u00e9 importante saber identificar e tratar essa doen\u00e7a o quanto antes para evitar maiores complica\u00e7\u00f5es e at\u00e9 mesmo a morte.<\/p>\n\n\n\n<p>O per\u00edodo de incuba\u00e7\u00e3o da doen\u00e7a, ou seja, per\u00edodo da infec\u00e7\u00e3o at\u00e9 manifesta\u00e7\u00e3o dos primeiros sintomas, \u00e9 de 2 a 14 dias, mas varia de acordo com cada pessoa.<\/p>\n\n\n\n<p><strong>A Febre Maculosa \u00e9 uma doen\u00e7a causada pela picada do carrapato.<\/strong><\/p>\n\n\n\n<h2 class=\"wp-block-heading\">Como \u00e9 feito o tratamento da Febre Maculosa?<\/h2>\n\n\n\n<p>O tratamento precoce da Febre Maculosa \u00e9 essencial para evitar formas mais graves da doen\u00e7a e at\u00e9 mesmo a morte da pessoa. Assim que surgirem os primeiros sintomas, \u00e9 importante procurar uma unidade de sa\u00fade para avalia\u00e7\u00e3o m\u00e9dica. O tratamento \u00e9 feito com antibi\u00f3ticos espec\u00edficos. Em determinados casos, pode ser necess\u00e1ria a interna\u00e7\u00e3o da pessoa.<\/p>\n\n\n\n<p>O sucesso do tratamento, com consequente redu\u00e7\u00e3o da letalidade, est\u00e1 diretamente relacionado \u00e0 precocidade de sua introdu\u00e7\u00e3o e \u00e0 especificidade do antimicrobiano prescrito. A terap\u00eautica \u00e9 empregada rotineiramente por um per\u00edodo de 7 dias, devendo ser mantida por 3 dias, ap\u00f3s o t\u00e9rmino da febre.<\/p>\n\n\n\n<p>A falta ou demora no tratamento da Febre Maculosa pode afetar o sistema nervoso central e causar encefalite, confus\u00e3o mental, del\u00edrios, convuls\u00f5es e coma. Os rins podem ser afetados, apresentando insufici\u00eancia renal aguda e incha\u00e7o por todo o corpo. Os pulm\u00f5es tamb\u00e9m podem ser atingidos, em casos mais graves, gerando, muitas vezes, necessidade de suporte de respira\u00e7\u00e3o.<strong>IMPORTANTE:<\/strong>&nbsp; A partir da suspeita m\u00e9dica da bact\u00e9ria, causadora da Febre Maculosa, o tratamento com antibi\u00f3ticos deve ser iniciado imediatamente, n\u00e3o se devendo esperar a confirma\u00e7\u00e3o laboratorial do caso. Quanto mais rapido o tratamento for iniciado, maiores ser\u00e3o as chances de cura e menores as possibilidades de complica\u00e7\u00f5es ou morte.<\/p>\n\n\n\n<h2 class=\"wp-block-heading\">Como \u00e9 feito o diagn\u00f3stico da Febre Maculosa?<\/h2>\n\n\n\n<p>O diagn\u00f3stico precoce da Febre Maculosa \u00e9 muito dif\u00edcil, principalmente durante os primeiros dias de doen\u00e7a, tendo em vista que os sintomas tamb\u00e9m s\u00e3o parecidos com outros problemas de sa\u00fade, como\u00a0leptospirose,\u00a0dengue,\u00a0hepatite viral, salmonelose, encefalite, mal\u00e1ria,\u00a0meningite,\u00a0sarampo,\u00a0l\u00fapus\u00a0e pneumonia.<\/p>\n\n\n\n<p>No entanto, o m\u00e9dico far\u00e1 avalia\u00e7\u00e3o dos sintomas e perguntar\u00e1 onde voc\u00ea mora ou se esteve em locais com grandes chances de ter sido picado por um carrapato, ele tamb\u00e9m pode solicitar uma s\u00e9rie de exames para confirmar ou contribuir com o diagn\u00f3stico.&nbsp;<\/p>\n\n\n\n<p>Os testes laboratoriais mais indicados para diagn\u00f3stico espec\u00edfico da Febre Maculosa s\u00e3o:<\/p>\n\n\n\n<ul class=\"wp-block-list\"><li>Rea\u00e7\u00e3o de imunofluoresc\u00eancia indireta (RIFI): detectam presen\u00e7a de anticorpos contra a bact\u00e9ria, a partir de coleta de sangue<\/li><li>Exame de Imunohistoqu\u00edmica: detecta a bact\u00e9ria em amostras de tecidos obtidas a partir de bi\u00f3psia de les\u00f5es de pele.<\/li><li>T\u00e9cnicas de biologia molecular \u2212 rea\u00e7\u00e3o em cadeia da polimerase (PCR): realizada a partir de amostras de sangue, tecido de bi\u00f3psia. Detecta o material gen\u00e9tico da bact\u00e9ria.<\/li><li>Isolamento da bact\u00e9ria: O isolamento da bact\u00e9ria \u00e9 feito a partir do sangue (co\u00e1gulo) ou de fragmentos de tecidos (pele e pulm\u00e3o obtidos por bi\u00f3psia) ou de \u00f3rg\u00e3os (pulm\u00e3o, ba\u00e7o, f\u00edgado obtidos por necr\u00f3psia), al\u00e9m do carrapato retirado do paciente. A bact\u00e9ria ir\u00e1 crescer em um meio de cultura.<\/li><\/ul>\n\n\n\n<p>Os testes laboratoriais mais indicados para diagn\u00f3stico inespec\u00edfico e complementares da Febre Maculosa s\u00e3o:<\/p>\n\n\n\n<ul class=\"wp-block-list\"><li>Hemograma: observa altera\u00e7\u00e3o no padr\u00e3o das c\u00e9lulas sangu\u00edneas como, anemia, diminui\u00e7\u00e3o de plaquetas.<\/li><li>Enzimas: algumas enzimas do corpo podem estar aumentadas, demonstrando ind\u00edcio de alguma infec\u00e7\u00e3o.<\/li><\/ul>\n\n\n\n<p>Os resultados desses exames, no entanto, podem levar semanas. Por isso, se houver suspeita, o m\u00e9dico deve iniciar o tratamento com antibi\u00f3ticos urgentemente, tendo em vista que quanto mais cedo a terapia for iniciada, maiores s\u00e3o as chances de se evitar complica\u00e7\u00f5es e morte do paciente.<\/p>\n\n\n\n<h2 class=\"wp-block-heading\">Quais s\u00e3o os fatores de risco da Febre Maculosa?<\/h2>\n\n\n\n<p>Os principais fatores de risco que aumentam as chances de se contrair a infec\u00e7\u00e3o por Febre Maculosa s\u00e3o:<\/p>\n\n\n\n<ul class=\"wp-block-list\"><li>Viver em uma \u00e1rea onde a doen\u00e7a \u00e9 comum, como locais rurais ou arborizados.<\/li><li>Conviv\u00eancia com cachorro, cavalo ou outros animais dom\u00e9sticos.<\/li><li>Se um carrapato infectado se prender \u00e0 sua pele, \u00e9 poss\u00edvel contrair febre maculosa ao remover o carrapato, pois o fluido do carrapato pode entrar no seu corpo por meio de uma abertura como o local da picada.<\/li><\/ul>\n\n\n\n<p><strong>Para diminuir os riscos de infec\u00e7\u00e3o, em caso de exposi\u00e7\u00e3o a carrapatos, siga os seguintes passos:<\/strong><\/p>\n\n\n\n<ul class=\"wp-block-list\"><li>Ao remover um carrapato da sua pele, use uma pin\u00e7a para agarr\u00e1-lo e remova-o cuidadosamente.<\/li><li>Trate o carrapato como se estivesse contaminado: mergulhe-o em \u00e1lcool ou jogue no vaso sanit\u00e1rio.<\/li><li>Limpe a \u00e1rea da mordida com anti-s\u00e9ptico.<\/li><li>Lave bem as m\u00e3os.<\/li><\/ul>\n\n\n\n<p><strong>IMPORTANTE:<\/strong>&nbsp; A incid\u00eancia da Febre Maculosa&nbsp; \u00e9 mais comum em pessoas que vivem ou frequentam \u00e1reas rurais infestadas por carrapatos. al\u00e9m disso, estar em contato com animais como capivaras, cavalos, vacas e cachorros com carrapatos tamb\u00e9m aumenta o risco de contrair a doen\u00e7a.<\/p>\n\n\n\n<h2 class=\"wp-block-heading\">Como prevenir a Febre Maculosa?<\/h2>\n\n\n\n<p>Atualmente n\u00e3o existe nenhuma vacina eficaz contra a Febre Maculosa, mas \u00e9 poss\u00edvel adotar algumas medidas para prevenir a doen\u00e7a.&nbsp;<\/p>\n\n\n\n<ul class=\"wp-block-list\"><li>Use roupas claras, para ajudar a identificar o carrapato, uma vez que ele \u00e9 escuro.<\/li><li>Use cal\u00e7as, botas e blusas com mangas compridas ao caminhar em \u00e1reas arborizadas e gramadas.<\/li><li>Evite andar em locais com grama ou vegeta\u00e7\u00e3o alta.<\/li><li>Use repelentes de insetos: atualmente j\u00e1 existem repelentes contra carrapatos no mercado.<\/li><li>Verifique se voc\u00ea e seus animais de estima\u00e7\u00e3o est\u00e3o com carrapatos: ap\u00f3s tr\u00eas horas de exposi\u00e7\u00e3o a \u00e1reas de risco \u00e9 preciso verificar se h\u00e1 a presen\u00e7a de algum carrapato no corpo. Ap\u00f3s esse per\u00edodo, o inseto j\u00e1 ter\u00e1 transmitido a bact\u00e9ria para a pessoa.<\/li><li>Remova um carrapato com uma pin\u00e7a: pegue com cuidado o carrapato. N\u00e3o aperte ou esmague o carrapato, mas puxe com cuidado e firmeza. Depois de remover o carrapato inteiro, lave a \u00e1rea da mordida com \u00e1lcool ou sab\u00e3o e \u00e1gua.<\/li><\/ul>\n\n\n\n<p>Quanto mais r\u00e1pido uma pessoa retirar os carrapatos de seu corpo, menor ser\u00e1 o risco de contrair a doen\u00e7a. Ap\u00f3s a utiliza\u00e7\u00e3o, coloque todas as pe\u00e7as de roupas em \u00e1gua fervente para a retirada dos insetos.<\/p>\n\n\n\n<p><strong>Fonte<\/strong>: <a href=\"http:\/\/saude.gov.br\/saude-de-a-z\/febre-maculosa\" target=\"_blank\" rel=\"noreferrer noopener\" aria-label=\"Minist\u00e9rio da Sa\u00fade (abre numa nova aba)\">Minist\u00e9rio da Sa\u00fade<\/a><\/p>\n","protected":false},"excerpt":{"rendered":"<p>O que \u00e9 Febre Maculosa? A febre maculosa \u00e9 uma doen\u00e7a infecciosa, febril aguda e de gravidade vari\u00e1vel. Ela pode variar desde as formas cl\u00ednicas leves e at\u00edpicas at\u00e9 formas graves, com elevada taxa de letalidade. A febre maculosa \u00e9 causada por uma bact\u00e9ria do g\u00eanero Rickettsia, transmitida pela picada do carrapato. No Brasil duas [&hellip;]<\/p>\n","protected":false},"author":1,"featured_media":575,"comment_status":"closed","ping_status":"closed","sticky":false,"template":"","format":"standard","meta":{"ocean_post_layout":"","ocean_both_sidebars_style":"","ocean_both_sidebars_content_width":0,"ocean_both_sidebars_sidebars_width":0,"ocean_sidebar":"0","ocean_second_sidebar":"0","ocean_disable_margins":"enable","ocean_add_body_class":"","ocean_shortcode_before_top_bar":"","ocean_shortcode_after_top_bar":"","ocean_shortcode_before_header":"","ocean_shortcode_after_header":"","ocean_has_shortcode":"","ocean_shortcode_after_title":"","ocean_shortcode_before_footer_widgets":"","ocean_shortcode_after_footer_widgets":"","ocean_shortcode_before_footer_bottom":"","ocean_shortcode_after_footer_bottom":"","ocean_display_top_bar":"default","ocean_display_header":"default","ocean_header_style":"","ocean_center_header_left_menu":"0","ocean_custom_header_template":"0","ocean_custom_logo":0,"ocean_custom_retina_logo":0,"ocean_custom_logo_max_width":0,"ocean_custom_logo_tablet_max_width":0,"ocean_custom_logo_mobile_max_width":0,"ocean_custom_logo_max_height":0,"ocean_custom_logo_tablet_max_height":0,"ocean_custom_logo_mobile_max_height":0,"ocean_header_custom_menu":"0","ocean_menu_typo_font_family":"0","ocean_menu_typo_font_subset":"","ocean_menu_typo_font_size":0,"ocean_menu_typo_font_size_tablet":0,"ocean_menu_typo_font_size_mobile":0,"ocean_menu_typo_font_size_unit":"px","ocean_menu_typo_font_weight":"","ocean_menu_typo_font_weight_tablet":"","ocean_menu_typo_font_weight_mobile":"","ocean_menu_typo_transform":"","ocean_menu_typo_transform_tablet":"","ocean_menu_typo_transform_mobile":"","ocean_menu_typo_line_height":0,"ocean_menu_typo_line_height_tablet":0,"ocean_menu_typo_line_height_mobile":0,"ocean_menu_typo_line_height_unit":"","ocean_menu_typo_spacing":0,"ocean_menu_typo_spacing_tablet":0,"ocean_menu_typo_spacing_mobile":0,"ocean_menu_typo_spacing_unit":"","ocean_menu_link_color":"","ocean_menu_link_color_hover":"","ocean_menu_link_color_active":"","ocean_menu_link_background":"","ocean_menu_link_hover_background":"","ocean_menu_link_active_background":"","ocean_menu_social_links_bg":"","ocean_menu_social_hover_links_bg":"","ocean_menu_social_links_color":"","ocean_menu_social_hover_links_color":"","ocean_disable_title":"default","ocean_disable_heading":"default","ocean_post_title":"","ocean_post_subheading":"","ocean_post_title_style":"","ocean_post_title_background_color":"","ocean_post_title_background":0,"ocean_post_title_bg_image_position":"","ocean_post_title_bg_image_attachment":"","ocean_post_title_bg_image_repeat":"","ocean_post_title_bg_image_size":"","ocean_post_title_height":0,"ocean_post_title_bg_overlay":0.5,"ocean_post_title_bg_overlay_color":"","ocean_disable_breadcrumbs":"default","ocean_breadcrumbs_color":"","ocean_breadcrumbs_separator_color":"","ocean_breadcrumbs_links_color":"","ocean_breadcrumbs_links_hover_color":"","ocean_display_footer_widgets":"default","ocean_display_footer_bottom":"default","ocean_custom_footer_template":"0","_joinchat":[],"ocean_post_oembed":"","ocean_post_self_hosted_media":"","ocean_post_video_embed":"","ocean_link_format":"","ocean_link_format_target":"self","ocean_quote_format":"","ocean_quote_format_link":"post","ocean_gallery_link_images":"off","ocean_gallery_id":[],"footnotes":""},"categories":[390],"tags":[],"class_list":["post-574","post","type-post","status-publish","format-standard","has-post-thumbnail","hentry","category-infectologia","entry","has-media"],"_links":{"self":[{"href":"https:\/\/imeclinicacidada.com.br\/blog\/wp-json\/wp\/v2\/posts\/574","targetHints":{"allow":["GET"]}}],"collection":[{"href":"https:\/\/imeclinicacidada.com.br\/blog\/wp-json\/wp\/v2\/posts"}],"about":[{"href":"https:\/\/imeclinicacidada.com.br\/blog\/wp-json\/wp\/v2\/types\/post"}],"author":[{"embeddable":true,"href":"https:\/\/imeclinicacidada.com.br\/blog\/wp-json\/wp\/v2\/users\/1"}],"replies":[{"embeddable":true,"href":"https:\/\/imeclinicacidada.com.br\/blog\/wp-json\/wp\/v2\/comments?post=574"}],"version-history":[{"count":2,"href":"https:\/\/imeclinicacidada.com.br\/blog\/wp-json\/wp\/v2\/posts\/574\/revisions"}],"predecessor-version":[{"id":577,"href":"https:\/\/imeclinicacidada.com.br\/blog\/wp-json\/wp\/v2\/posts\/574\/revisions\/577"}],"wp:featuredmedia":[{"embeddable":true,"href":"https:\/\/imeclinicacidada.com.br\/blog\/wp-json\/wp\/v2\/media\/575"}],"wp:attachment":[{"href":"https:\/\/imeclinicacidada.com.br\/blog\/wp-json\/wp\/v2\/media?parent=574"}],"wp:term":[{"taxonomy":"category","embeddable":true,"href":"https:\/\/imeclinicacidada.com.br\/blog\/wp-json\/wp\/v2\/categories?post=574"},{"taxonomy":"post_tag","embeddable":true,"href":"https:\/\/imeclinicacidada.com.br\/blog\/wp-json\/wp\/v2\/tags?post=574"}],"curies":[{"name":"wp","href":"https:\/\/api.w.org\/{rel}","templated":true}]}}