{"id":598,"date":"2020-03-10T16:37:02","date_gmt":"2020-03-10T19:37:02","guid":{"rendered":"https:\/\/www.imeclinicacidada.com.br\/blog\/?p=598"},"modified":"2020-03-10T16:37:21","modified_gmt":"2020-03-10T19:37:21","slug":"coronavirus","status":"publish","type":"post","link":"https:\/\/imeclinicacidada.com.br\/blog\/coronavirus\/","title":{"rendered":"Coronav\u00edrus (COVID-19)"},"content":{"rendered":"\n<h2 class=\"wp-block-heading\">O que \u00e9 coronav\u00edrus? (COVID-19)<\/h2>\n\n\n\n<p>Coronav\u00edrus \u00e9 uma fam\u00edlia de v\u00edrus que causam infec\u00e7\u00f5es respirat\u00f3rias. O novo agente do coronav\u00edrus foi descoberto em 31\/12\/19 ap\u00f3s casos registrados na China. Provoca a doen\u00e7a chamada de coronav\u00edrus (COVID-19).<\/p>\n\n\n\n<p>Os primeiros coronav\u00edrus humanos foram isolados pela primeira vez em 1937. No entanto, foi em 1965 que o v\u00edrus foi descrito como coronav\u00edrus, em decorr\u00eancia do perfil na microscopia, parecendo uma coroa.<\/p>\n\n\n\n<p>A maioria das pessoas se infecta com os coronav\u00edrus comuns ao longo da vida, sendo as crian\u00e7as pequenas mais propensas a se infectarem com o tipo mais comum do v\u00edrus. Os coronav\u00edrus mais comuns que infectam humanos s\u00e3o o alpha coronav\u00edrus 229E e NL63 e beta coronav\u00edrus OC43, HKU1.<\/p>\n\n\n\n<h2 class=\"wp-block-heading\"><strong>Quais s\u00e3o os sintomas do coronav\u00edrus?<\/strong><\/h2>\n\n\n\n<p>Os sinais e sintomas do coronav\u00edrus s\u00e3o principalmente respirat\u00f3rios, semelhantes a um resfriado.&nbsp;Podem, tamb\u00e9m, causar infec\u00e7\u00e3o do trato respirat\u00f3rio inferior, como as pneumonias. No entanto, o coronav\u00edrus (SARS-CoV-2) ainda precisa de mais estudos e investiga\u00e7\u00f5es para caracterizar melhor os sinais e sintomas da doen\u00e7a.&nbsp;<\/p>\n\n\n\n<p>Os principais s\u00e3o sintomas conhecidos at\u00e9 o momento s\u00e3o:<\/p>\n\n\n\n<ul class=\"wp-block-list\"><li>Febre.<\/li><li>Tosse.<\/li><li>Dificuldade para respirar.<\/li><\/ul>\n\n\n\n<h2 class=\"wp-block-heading\">Como o Coronav\u00edrus \u00e9 transmititdo?<\/h2>\n\n\n\n<p>As investiga\u00e7\u00f5es sobre as formas de transmiss\u00e3o do coronav\u00edrus ainda est\u00e3o em andamento, mas a dissemina\u00e7\u00e3o de pessoa para pessoa, ou seja, a contamina\u00e7\u00e3o por got\u00edculas respirat\u00f3rias ou contato, est\u00e1 ocorrendo.<\/p>\n\n\n\n<p>Qualquer pessoa que tenha contato pr\u00f3ximo (cerca de 1m) com algu\u00e9m com sintomas respirat\u00f3rios est\u00e1 em risco de ser exposta \u00e0 infec\u00e7\u00e3o.<\/p>\n\n\n\n<p>\u00c9 importante observar que a dissemina\u00e7\u00e3o de pessoa para pessoa pode ocorrer de forma continuada.<\/p>\n\n\n\n<p>Alguns v\u00edrus s\u00e3o altamente contagiosos (como&nbsp;<a href=\"https:\/\/www.saude.gov.br\/sarampo\" target=\"_blank\" rel=\"noopener\">sarampo<\/a>), enquanto outros s\u00e3o menos. Ainda n\u00e3o est\u00e1 claro com que facilidade o coronav\u00edrus se espalha de pessoa para pessoa.<\/p>\n\n\n\n<p>Apesar disso, a transmiss\u00e3o dos coronav\u00edrus costuma ocorrer pelo ar ou por contato pessoal com secre\u00e7\u00f5es contaminadas, como:<\/p>\n\n\n\n<ul class=\"wp-block-list\"><li>got\u00edculas de saliva;<\/li><li>espirro;<\/li><li>tosse;<\/li><li>catarro;<\/li><li>contato pessoal pr\u00f3ximo, como toque ou aperto de m\u00e3o;<\/li><li>contato com objetos ou superf\u00edcies contaminadas, seguido de contato com a boca, nariz ou olhos.<\/li><\/ul>\n\n\n\n<p>Os coronav\u00edrus apresentam uma transmiss\u00e3o menos intensa que o v\u00edrus da gripe.<\/p>\n\n\n\n<p>O per\u00edodo m\u00e9dio de incuba\u00e7\u00e3o por coronav\u00edrus \u00e9 de&nbsp;<strong>5 dias<\/strong>, com intervalos que chegam a&nbsp;<strong>12 dias<\/strong>, per\u00edodo em que os primeiros sintomas levam para aparecer desde a infec\u00e7\u00e3o.<\/p>\n\n\n\n<p>A transmissibilidade dos pacientes infectados por SARSCoV \u00e9 em m\u00e9dia de&nbsp;<strong>7 dias ap\u00f3s o in\u00edcio dos sintomas<\/strong>. No entanto, dados preliminares do coronav\u00edrus (SARS-CoV-2) sugerem que a t<strong>ransmiss\u00e3o possa ocorrer mesmo sem o aparecimento de sinais e sintomas<\/strong>.<\/p>\n\n\n\n<p>At\u00e9 o momento, n\u00e3o h\u00e1 informa\u00e7\u00f5es suficientes de quantos dias anteriores ao in\u00edcio dos sinais e sintomas uma pessoa infectada passa a transmitir o v\u00edrus.<\/p>\n\n\n\n<h2 class=\"wp-block-heading\">Como previnir o Coronav\u00edrus?<\/h2>\n\n\n\n<p>O Minist\u00e9rio da Sa\u00fade orienta cuidados b\u00e1sicos para reduzir o risco geral de contrair ou transmitir infec\u00e7\u00f5es respirat\u00f3rias agudas, incluindo o coronav\u00edrus. Entre as medidas est\u00e3o:<\/p>\n\n\n\n<ul class=\"wp-block-list\"><li>Lavar as m\u00e3os frequentemente com \u00e1gua e sabonete por pelo menos 20 segundos, respeitando os 5 momentos de higieniza\u00e7\u00e3o. Se n\u00e3o houver \u00e1gua e sabonete, usar um desinfetante para as m\u00e3os \u00e0 base de \u00e1lcool.<\/li><li>Evitar tocar nos olhos, nariz e boca com as m\u00e3os n\u00e3o lavadas.<\/li><li>Evitar contato pr\u00f3ximo com pessoas doentes.<\/li><li>Ficar em casa quando estiver doente.<\/li><li>Cobrir boca e nariz ao tossir ou espirrar com um len\u00e7o de papel e jogar no lixo.<\/li><li>Limpar e desinfetar objetos e superf\u00edcies tocados com freq\u00fc\u00eancia.<\/li><\/ul>\n\n\n\n<p>Profissionais de sa\u00fade devem utilizar medidas de precau\u00e7\u00e3o padr\u00e3o, de contato e de got\u00edculas (masc\u00e1ra cir\u00fargica, luvas, avental n\u00e3o est\u00e9ril e \u00f3culos de prote\u00e7\u00e3o).<\/p>\n\n\n\n<p>Para a realiza\u00e7\u00e3o de procedimentos que gerem aerossoliza\u00e7\u00e3o de secre\u00e7\u00f5es respirat\u00f3rias como intuba\u00e7\u00e3o, aspira\u00e7\u00e3o de vias a\u00e9reas ou indu\u00e7\u00e3o de escarro, dever\u00e1 ser utilizado precau\u00e7\u00e3o por aeross\u00f3is, com uso de m\u00e1scara N95.<\/p>\n\n\n\n<h2 class=\"wp-block-heading\">Como \u00e9 feito o tratamento do Coronav\u00edrus?<\/h2>\n\n\n\n<p>N\u00e3o existe tratamento espec\u00edfico para infec\u00e7\u00f5es causadas por coronav\u00edrus humano. No caso do coronav\u00edrus \u00e9 indicado repouso e consumo de bastante \u00e1gua, al\u00e9m de algumas medidas adotadas para aliviar os sintomas, conforme cada caso, como, por exemplo:<\/p>\n\n\n\n<ul class=\"wp-block-list\"><li>Uso de medicamento para dor e febre (antit\u00e9rmicos e analg\u00e9sicos).<\/li><li>Uso de umidificador no quarto ou tomar banho quente para auxiliar no al\u00edvio da dor de garanta e tosse.<\/li><\/ul>\n\n\n\n<p>Assim que os primeiros sintomas surgirem, \u00e9 fundamental procurar ajuda m\u00e9dica imediata para confirmar diagn\u00f3stico e iniciar o tratamento.<\/p>\n\n\n\n<p>Todos os pacientes que receberem alta durante os primeiros 07 dias do in\u00edcio do quadro (qualquer sintoma independente de febre), devem ser alertados para a possibilidade de piora tardia do quadro cl\u00ednico e sinais de alerta de complica\u00e7\u00f5es como: aparecimento de febre (podendo haver casos iniciais sem febre), eleva\u00e7\u00e3o ou reaparecimento de febre ou sinais respirat\u00f3rios, taquicardia (aumento dos batimentos card\u00edacos), dor pleur\u00edtica (dor no peito), fadiga (cansa\u00e7o) e dispn\u00e9ia (falta de ar).<\/p>\n\n\n\n<p><strong>Se voc\u00ea viajou para a China nos \u00faltimos 14 dias e ficou doente com febre, tosse ou dificuldade de respirar, deve procurar atendimento m\u00e9dico imediatamente e informar detalhadamente o hist\u00f3rico de viagem recente e seus sintomas.<\/strong><\/p>\n\n\n\n<h2 class=\"wp-block-heading\">Como \u00e9 feito o diagn\u00f3stico do coronav\u00edrus?<\/h2>\n\n\n\n<p>O diagn\u00f3stico do coronav\u00edrus \u00e9 feito com a coleta de materiais respirat\u00f3rios (aspira\u00e7\u00e3o de vias a\u00e9reas ou indu\u00e7\u00e3o de escarro). \u00c9 necess\u00e1ria a coleta de duas amostras na suspeita do coronav\u00edrus.<\/p>\n\n\n\n<p>As duas amostras ser\u00e3o encaminhadas com urg\u00eancia para o Laborat\u00f3rio Central de Sa\u00fade P\u00fablica (Lacen).<\/p>\n\n\n\n<p>Uma das amostras ser\u00e1 enviada ao Centro Nacional de Influenza (NIC) e outra amostra ser\u00e1 enviada para an\u00e1lise de metagen\u00f4mica.<\/p>\n\n\n\n<p>Para confirmar a doen\u00e7a \u00e9 necess\u00e1rio realizar exames de biologia molecular que detecte o RNA viral. O diagn\u00f3stico do coronav\u00edrus \u00e9 feito com a coleta&nbsp;de amostra, que est\u00e1 indicada sempre&nbsp;que ocorrer a identifica\u00e7\u00e3o de caso suspeito.&nbsp;<\/p>\n\n\n\n<p>Orienta-se a coleta de aspirado de nasofaringe (ANF)&nbsp;ou swabs combinado (nasal\/oral) ou tamb\u00e9m amostra&nbsp;de secre\u00e7\u00e3o respirat\u00f3ria inferior (escarro ou lavado&nbsp;traqueal ou lavado bronca alveolar).<\/p>\n\n\n\n<p><strong>Os casos graves devem ser encaminhados a um Hospital de Refer\u00eancia para isolamento e tratamento. Os casos leves devem ser acompanhados pela Aten\u00e7\u00e3o Prim\u00e1ria em Sa\u00fade (APS) e institu\u00eddas medidas de precau\u00e7\u00e3o domiciliar.<\/strong><\/p>\n\n\n\n<h2 class=\"wp-block-heading\">Como \u00e9 definido um caso suspeito de coronav\u00edrus?<\/h2>\n\n\n\n<p>Diante da confirma\u00e7\u00e3o de caso do coronav\u00edrus no Brasil e considerando a dispers\u00e3o do v\u00edrus no mundo. A Secretaria de Vigil\u00e2ncia em Sa\u00fade do Minist\u00e9rio da Sa\u00fade informa que a partir de 01 de mar\u00e7o de 2020, passa a vigorar as seguintes defini\u00e7\u00f5es operacionais para a sa\u00fade p\u00fablica nacional.<\/p>\n\n\n\n<figure class=\"wp-block-table\"><table class=\"\"><tbody><tr><th>1. CASO SUSPEITO DE DOEN\u00c7A PELO CORONAV\u00cdRUS 2019 (COVID-19)<\/th><\/tr><tr><td>Situa\u00e7\u00e3o 1 \u2013&nbsp;<strong>VIAJANTE:<\/strong>&nbsp;pessoa que apresente febre E pelo menos um dos sinais ou sintomas respirat\u00f3rios (tosse, dificuldade para respirar, produ\u00e7\u00e3o de escarro, congest\u00e3o nasal ou conjuntival, dificuldade para deglutir, dor de garganta, coriza, satura\u00e7\u00e3o de O2 &lt; 95%, sinais de cianose, batimento de asa de nariz, tiragem intercostal e dispneia) E com hist\u00f3rico de viagem para pa\u00eds com transmiss\u00e3o sustentada OU \u00e1rea com transmiss\u00e3o local nos \u00faltimos 14 dias (figura 1); OU&nbsp;Situa\u00e7\u00e3o 2 &#8211;&nbsp;<strong>CONTATO PR\u00d3XIMO:<\/strong>&nbsp;Pessoa que apresente febre OU pelo menos um sinal ou sintoma respirat\u00f3rio (tosse, dificuldade para respirar, produ\u00e7\u00e3o de escarro, congest\u00e3o nasal ou conjuntival, dificuldade para deglutir, dor de garganta, coriza, satura\u00e7\u00e3o de O2 &lt; 95%, sinais de cianose, batimento de asa de nariz, tiragem intercostal e dispneia) E hist\u00f3rico de contato com caso suspeito ou confirmado para COVID-19, nos \u00faltimos 14 dias.<\/td><\/tr><tr><th>2. CASO PROV\u00c1VEL DE DOEN\u00c7A PELO CORONAV\u00cdRUS 2019 (COVID-19)<\/th><\/tr><tr><td>Situa\u00e7\u00e3o 3 &#8211;&nbsp;<strong>CONTATO DOMICILIAR:<\/strong>&nbsp;Pessoa que manteve contato domiciliar com caso confirmado por COVID-19 nos \u00faltimos 14 dias E que apresente febre OU pelo menos um sinal ou sintoma respirat\u00f3rio (tosse, dificuldade para respirar, produ\u00e7\u00e3o de escarro, congest\u00e3o nasal ou conjuntival, dificuldade para deglutir, dor de garganta, coriza, satura\u00e7\u00e3o de O2 &lt; 95%, sinais de cianose, batimento de asa de nariz, tiragem intercostal e dispneia). Nesta situa\u00e7\u00e3o \u00e9 importante observar a presen\u00e7a de outros sinais e sintomas como: fadiga, mialgia\/artralgia, dor de cabe\u00e7a, calafrios, manchas vermelhas pelo corpo, g\u00e2nglios linf\u00e1ticos aumentados, diarreia, n\u00e1usea, v\u00f4mito, desidrata\u00e7\u00e3o e inapet\u00eancia<\/td><\/tr><tr><th>3. CASO CONFIRMADO DE DOEN\u00c7A PELO CORONAV\u00cdRUS 2019 (COVID-19)<\/th><\/tr><tr><td><strong>LABORATORIAL:<\/strong>&nbsp;Caso suspeito ou prov\u00e1vel com resultado positivo em RT-PCR em tempo real, pelo protocolo Charit\u00e9.<strong>CL\u00cdNICO-EPIDEMIOL\u00d3GICO:<\/strong>&nbsp;Caso suspeito ou prov\u00e1vel com hist\u00f3rico de contato pr\u00f3ximo ou domiciliar com caso confirmado laboratorialmente por COVID-19, que apresente febre OU pelo menos um dos sinais ou sintomas respirat\u00f3rios, nos \u00faltimos 14 dias ap\u00f3s o contato, e para o qual n\u00e3o foi poss\u00edvel realizar a investiga\u00e7\u00e3o laboratorial espec\u00edfica.<\/td><\/tr><\/tbody><\/table><\/figure>\n\n\n\n<p><strong>Fonte<\/strong>: <a href=\"https:\/\/www.saude.gov.br\/saude-de-a-z\/coronavirus\/sobre-a-doenca\" target=\"_blank\" rel=\"noreferrer noopener\" aria-label=\"Minist\u00e9rio da Sa\u00fade (abre numa nova aba)\">Minist\u00e9rio da Sa\u00fade<\/a><\/p>\n","protected":false},"excerpt":{"rendered":"<p>O que \u00e9 coronav\u00edrus? (COVID-19) Coronav\u00edrus \u00e9 uma fam\u00edlia de v\u00edrus que causam infec\u00e7\u00f5es respirat\u00f3rias. O novo agente do coronav\u00edrus foi descoberto em 31\/12\/19 ap\u00f3s casos registrados na China. Provoca a doen\u00e7a chamada de coronav\u00edrus (COVID-19). Os primeiros coronav\u00edrus humanos foram isolados pela primeira vez em 1937. No entanto, foi em 1965 que o v\u00edrus [&hellip;]<\/p>\n","protected":false},"author":1,"featured_media":600,"comment_status":"closed","ping_status":"closed","sticky":false,"template":"","format":"standard","meta":{"ocean_post_layout":"","ocean_both_sidebars_style":"","ocean_both_sidebars_content_width":0,"ocean_both_sidebars_sidebars_width":0,"ocean_sidebar":"0","ocean_second_sidebar":"0","ocean_disable_margins":"enable","ocean_add_body_class":"","ocean_shortcode_before_top_bar":"","ocean_shortcode_after_top_bar":"","ocean_shortcode_before_header":"","ocean_shortcode_after_header":"","ocean_has_shortcode":"","ocean_shortcode_after_title":"","ocean_shortcode_before_footer_widgets":"","ocean_shortcode_after_footer_widgets":"","ocean_shortcode_before_footer_bottom":"","ocean_shortcode_after_footer_bottom":"","ocean_display_top_bar":"default","ocean_display_header":"default","ocean_header_style":"","ocean_center_header_left_menu":"0","ocean_custom_header_template":"0","ocean_custom_logo":0,"ocean_custom_retina_logo":0,"ocean_custom_logo_max_width":0,"ocean_custom_logo_tablet_max_width":0,"ocean_custom_logo_mobile_max_width":0,"ocean_custom_logo_max_height":0,"ocean_custom_logo_tablet_max_height":0,"ocean_custom_logo_mobile_max_height":0,"ocean_header_custom_menu":"0","ocean_menu_typo_font_family":"0","ocean_menu_typo_font_subset":"","ocean_menu_typo_font_size":0,"ocean_menu_typo_font_size_tablet":0,"ocean_menu_typo_font_size_mobile":0,"ocean_menu_typo_font_size_unit":"px","ocean_menu_typo_font_weight":"","ocean_menu_typo_font_weight_tablet":"","ocean_menu_typo_font_weight_mobile":"","ocean_menu_typo_transform":"","ocean_menu_typo_transform_tablet":"","ocean_menu_typo_transform_mobile":"","ocean_menu_typo_line_height":0,"ocean_menu_typo_line_height_tablet":0,"ocean_menu_typo_line_height_mobile":0,"ocean_menu_typo_line_height_unit":"","ocean_menu_typo_spacing":0,"ocean_menu_typo_spacing_tablet":0,"ocean_menu_typo_spacing_mobile":0,"ocean_menu_typo_spacing_unit":"","ocean_menu_link_color":"","ocean_menu_link_color_hover":"","ocean_menu_link_color_active":"","ocean_menu_link_background":"","ocean_menu_link_hover_background":"","ocean_menu_link_active_background":"","ocean_menu_social_links_bg":"","ocean_menu_social_hover_links_bg":"","ocean_menu_social_links_color":"","ocean_menu_social_hover_links_color":"","ocean_disable_title":"default","ocean_disable_heading":"default","ocean_post_title":"","ocean_post_subheading":"","ocean_post_title_style":"","ocean_post_title_background_color":"","ocean_post_title_background":0,"ocean_post_title_bg_image_position":"","ocean_post_title_bg_image_attachment":"","ocean_post_title_bg_image_repeat":"","ocean_post_title_bg_image_size":"","ocean_post_title_height":0,"ocean_post_title_bg_overlay":0.5,"ocean_post_title_bg_overlay_color":"","ocean_disable_breadcrumbs":"default","ocean_breadcrumbs_color":"","ocean_breadcrumbs_separator_color":"","ocean_breadcrumbs_links_color":"","ocean_breadcrumbs_links_hover_color":"","ocean_display_footer_widgets":"default","ocean_display_footer_bottom":"default","ocean_custom_footer_template":"0","_joinchat":[],"ocean_post_oembed":"","ocean_post_self_hosted_media":"","ocean_post_video_embed":"","ocean_link_format":"","ocean_link_format_target":"self","ocean_quote_format":"","ocean_quote_format_link":"post","ocean_gallery_link_images":"off","ocean_gallery_id":[],"footnotes":""},"categories":[390],"tags":[920,430],"class_list":["post-598","post","type-post","status-publish","format-standard","has-post-thumbnail","hentry","category-infectologia","tag-coronavirus","tag-infectologia","entry","has-media"],"_links":{"self":[{"href":"https:\/\/imeclinicacidada.com.br\/blog\/wp-json\/wp\/v2\/posts\/598","targetHints":{"allow":["GET"]}}],"collection":[{"href":"https:\/\/imeclinicacidada.com.br\/blog\/wp-json\/wp\/v2\/posts"}],"about":[{"href":"https:\/\/imeclinicacidada.com.br\/blog\/wp-json\/wp\/v2\/types\/post"}],"author":[{"embeddable":true,"href":"https:\/\/imeclinicacidada.com.br\/blog\/wp-json\/wp\/v2\/users\/1"}],"replies":[{"embeddable":true,"href":"https:\/\/imeclinicacidada.com.br\/blog\/wp-json\/wp\/v2\/comments?post=598"}],"version-history":[{"count":1,"href":"https:\/\/imeclinicacidada.com.br\/blog\/wp-json\/wp\/v2\/posts\/598\/revisions"}],"predecessor-version":[{"id":601,"href":"https:\/\/imeclinicacidada.com.br\/blog\/wp-json\/wp\/v2\/posts\/598\/revisions\/601"}],"wp:featuredmedia":[{"embeddable":true,"href":"https:\/\/imeclinicacidada.com.br\/blog\/wp-json\/wp\/v2\/media\/600"}],"wp:attachment":[{"href":"https:\/\/imeclinicacidada.com.br\/blog\/wp-json\/wp\/v2\/media?parent=598"}],"wp:term":[{"taxonomy":"category","embeddable":true,"href":"https:\/\/imeclinicacidada.com.br\/blog\/wp-json\/wp\/v2\/categories?post=598"},{"taxonomy":"post_tag","embeddable":true,"href":"https:\/\/imeclinicacidada.com.br\/blog\/wp-json\/wp\/v2\/tags?post=598"}],"curies":[{"name":"wp","href":"https:\/\/api.w.org\/{rel}","templated":true}]}}