{"id":618,"date":"2020-06-07T17:13:01","date_gmt":"2020-06-07T20:13:01","guid":{"rendered":"https:\/\/www.imeclinicacidada.com.br\/blog\/?p=618"},"modified":"2020-06-07T17:13:05","modified_gmt":"2020-06-07T20:13:05","slug":"rubeola","status":"publish","type":"post","link":"https:\/\/imeclinicacidada.com.br\/blog\/rubeola\/","title":{"rendered":"Rub\u00e9ola"},"content":{"rendered":"\n<h2 class=\"wp-block-heading\">O que \u00e9 rub\u00e9ola?<\/h2>\n\n\n\n<p>A&nbsp;<strong>rub\u00e9ola<\/strong>&nbsp;\u00e9 uma doen\u00e7a aguda, de<strong>&nbsp;alta contagiosidade<\/strong>, que \u00e9 transmitida pelo v\u00edrus do g\u00eanero Rubivirus, da fam\u00edlia Togaviridae. A doen\u00e7a tamb\u00e9m \u00e9 conhecida como \u201cSarampo Alem\u00e3o\u201d.<\/p>\n\n\n\n<p>No campo das doen\u00e7as infecto-contagiosas, a import\u00e2ncia epidemiol\u00f3gica da Rub\u00e9ola est\u00e1 representada pela ocorr\u00eancia da S\u00edndrome da Rub\u00e9ola Cong\u00eanita (SRC) que atinge o feto ou o rec\u00e9m-nascido cujas m\u00e3es se infectaram durante a gesta\u00e7\u00e3o.&nbsp;<\/p>\n\n\n\n<p>A infec\u00e7\u00e3o por rub\u00e9ola na gravidez acarreta in\u00fameras complica\u00e7\u00f5es para a m\u00e3e, como aborto e natimorto (feto expulso morto) e para os rec\u00e9m-nascidos, como malforma\u00e7\u00f5es cong\u00eanitas (surdez, malforma\u00e7\u00f5es card\u00edacas, les\u00f5es oculares e outras)&nbsp;<\/p>\n\n\n\n<p>No Brasil, at\u00e9 o final da&nbsp;<strong>d\u00e9cada de 80<\/strong>, a magnitude da rub\u00e9ola era desconhecida.<\/p>\n\n\n\n<p>Neste per\u00edodo, os resultados dos estudos sobre a preval\u00eancia de anticorpos contra a rub\u00e9ola, em alguns grupos populacionais, orientaram a defini\u00e7\u00e3o e implementa\u00e7\u00e3o de estrat\u00e9gias de vacina\u00e7\u00e3o.<\/p>\n\n\n\n<p>A vacina tr\u00edplice viral (sarampo, caxumba e rub\u00e9ola) foi implantada gradativamente entre os anos de 1992 at\u00e9 o ano 2000.<\/p>\n\n\n\n<p>A faixa et\u00e1ria estabelecida foi de&nbsp;<strong>1 a 11 anos de idade<\/strong>, e foi ampliada gradativamente ao longo dos anos.<\/p>\n\n\n\n<p>Entre 1998 a 2002 foram realizadas campanhas de vacina\u00e7\u00e3o para as mulheres em idade f\u00e9rtil (MIF) na faixa et\u00e1ria de&nbsp;<strong>12 a 49 anos de idade<\/strong>, o objetivo dessa vacina\u00e7\u00e3o foi de eliminar a SRC no pa\u00eds. A segunda dose da vacina foi implantada em 2004 para a faixa et\u00e1ria de 4 a 6 anos de idade. Tamb\u00e9m houve amplia\u00e7\u00e3o da oferta da vacina para os homens at\u00e9 39 anos e mulheres at\u00e9 49 anos de idade.<\/p>\n\n\n\n<p><strong>A vigil\u00e2ncia epidemiol\u00f3gica da rub\u00e9ola e da SRC foi intensificada a partir da Elimina\u00e7\u00e3o do Sarampo, com redu\u00e7\u00e3o dos casos confirmados de 80% entre 2003 at\u00e9 2006.<\/strong><\/p>\n\n\n\n<p>Em 2006 surtos de rub\u00e9ola passaram a ocorrer nos estados de MG, RJ, CE, PB, MT e MS. Em 2007 foram confirmados surtos em 19 estados, perfazendo um total de 6.753 casos. A faixa et\u00e1ria mais acometida \u00e9 a de 20 \u2013 39 anos de idade e 70% dos casos confirmados ocorreram no sexo masculino.<\/p>\n\n\n\n<p>Em 2008 foi realizada a Campanha de Vacina\u00e7\u00e3o para Elimina\u00e7\u00e3o da rub\u00e9ola para homens e mulheres de&nbsp;<strong>20 a 39<\/strong>&nbsp;anos.<\/p>\n\n\n\n<p>Nos estados do Rio de Janeiro, Minas Gerais, Rio Grande do Norte, Mato Grosso e Maranh\u00e3o foi acrescida a popula\u00e7\u00e3o de&nbsp;<strong>12 a 19<\/strong>&nbsp;anos no grupo alvo para vacina\u00e7\u00e3o.<\/p>\n\n\n\n<p>A cobertura vacinal geral foi de&nbsp;<strong>97%<\/strong>. Neste ano foram confirmados 2.155 casos em 22 estados. &nbsp;<\/p>\n\n\n\n<p>Ap\u00f3s 2009 aos dias atuais n\u00e3o foram confirmados mais casos de rub\u00e9ola no Brasil, indicando a interrup\u00e7\u00e3o da transmiss\u00e3o aut\u00f3ctone do v\u00edrus da rub\u00e9ola, denominado 2B.<\/p>\n\n\n\n<h2 class=\"wp-block-heading\">Quais s\u00e3o os sintomas da rub\u00e9ola?<\/h2>\n\n\n\n<p>Os sintomas principais sintomas da rub\u00e9ola s\u00e3o:<\/p>\n\n\n\n<ul class=\"wp-block-list\"><li>febre baixa;<\/li><li>linfoadenopatia retro auricular, occipital e cervical;<\/li><li>exantema m\u00e1culo-papular.<\/li><\/ul>\n\n\n\n<p><strong>Esses sinais e sintomas da rub\u00e9ola acontecem&nbsp;independente da idade ou situa\u00e7\u00e3o vacinal da pessoa.<\/strong><\/p>\n\n\n\n<p>O per\u00edodo de incuba\u00e7\u00e3o m\u00e9dio do v\u00edrus, ou seja, tempo em que os primeiros sinais levam para se manifestar desde a infec\u00e7\u00e3o, \u00e9 de 17 dias, variando de 14 a 21 dias, conforme cada caso.<\/p>\n\n\n\n<h2 class=\"wp-block-heading\">Como \u00e9 feito o diagn\u00f3stico da rub\u00e9ola?<\/h2>\n\n\n\n<p>Para o diagn\u00f3stico da rub\u00e9ola s\u00e3o feitos exames laboratoriais, dispon\u00edveis na rede p\u00fablica em todos os estados, para confirma\u00e7\u00e3o ou descarte de casos, como&nbsp;titula\u00e7\u00e3o de anticorpos IgM e IgG para rub\u00e9ola.<\/p>\n\n\n\n<p><strong>Existem muitas doen\u00e7as que se manifestam semelhantes \u00e0 rub\u00e9ola. As mais importantes s\u00e3o: sarampo, Exantema S\u00fabito (Ros\u00e9ola Infantum), dengue, Enteroviroses, Eritema Infeccioso (Parvov\u00edrus B19) e Ricketioses.<\/strong><\/p>\n\n\n\n<p>Na situa\u00e7\u00e3o atual de elimina\u00e7\u00e3o da rub\u00e9ola, identificar precocemente um caso suspeito e realizar as a\u00e7\u00f5es de vigil\u00e2ncia de forma adequada com uma correta investiga\u00e7\u00e3o epidemiol\u00f3gica, a realiza\u00e7\u00e3o do diagn\u00f3stico diferencial \u00e9 muito importante para classificar adequadamente qualquer caso suspeito.<\/p>\n\n\n\n<h2 class=\"wp-block-heading\">Como a rub\u00e9ola \u00e9 transmitida?<\/h2>\n\n\n\n<p>A transmiss\u00e3o da rub\u00e9ola acontece diretamente de pessoa a pessoa, por meio das secre\u00e7\u00f5es nasofar\u00edngeas expelida pelo doente ao tossir, respirar, falar ou respirar.<\/p>\n\n\n\n<p>O per\u00edodo de transmissibilidade \u00e9 de<strong>&nbsp;5 a 7<\/strong>&nbsp;dias antes e depois do in\u00edcio do exantema, que \u00e9 uma erup\u00e7\u00e3o cut\u00e2nea.<\/p>\n\n\n\n<p>A maior transmissibilidade ocorre dois dias antes e depois do in\u00edcio do exantema.<\/p>\n\n\n\n<h2 class=\"wp-block-heading\">Como \u00e9 feito o tratamento da rub\u00e9ola?<\/h2>\n\n\n\n<p>N\u00e3o h\u00e1 tratamento espec\u00edfico para a rub\u00e9ola.<\/p>\n\n\n\n<p>Os sinais e sintomas apresentados devem ser tratados de acordo com a sintomatologia e terap\u00eautica adequada, conforme cada caso.<\/p>\n\n\n\n<p>Os tratamentos s\u00e3o oferecidos de forma integral e gratuita por meio do Sistema \u00danico de Sa\u00fade (SUS).<\/p>\n\n\n\n<p>Assim que surgirem os primeiros sintomas, procure imediatamente um m\u00e9dico para confirma\u00e7\u00e3o do diagn\u00f3stico e in\u00edcio imediato do tratamento.<\/p>\n\n\n\n<h2 class=\"wp-block-heading\">Como prevenir a rub\u00e9ola?<\/h2>\n\n\n\n<p>A preven\u00e7\u00e3o da rub\u00e9ola \u00e9 feita por meio da vacina\u00e7\u00e3o. A vacina est\u00e1 dispon\u00edvel nos postos de sa\u00fade para crian\u00e7as a partir de&nbsp;<strong>12 meses de idade<\/strong>.<\/p>\n\n\n\n<p>A vacina&nbsp;<strong>tr\u00edplice viral<\/strong>&nbsp;(Sarampo, Rub\u00e9ola e Caxumba) foi implantada gradativamente entre os anos de 1992 at\u00e9 o ano 2000.<\/p>\n\n\n\n<p>A faixa et\u00e1ria estabelecida foi de&nbsp;<strong>1 a 11 anos<\/strong>&nbsp;de idade, que se mant\u00e9m at\u00e9 a presente data.<\/p>\n\n\n\n<p>Entre 1998 a 2002, foram realizadas campanhas de vacina\u00e7\u00e3o para as mulheres em idade f\u00e9rtil na faixa et\u00e1ria de&nbsp;<strong>12 a 49 anos<\/strong>&nbsp;de idade, com objetivo de eliminar a SRC (Sarampo, Rub\u00e9ola e Caxumba) no Brasil.<\/p>\n\n\n\n<p>A segunda dose da vacina foi implantada em 2004 para a faixa et\u00e1ria de&nbsp;<strong>4 a 6 anos<\/strong>&nbsp;de idade.<\/p>\n\n\n\n<p>Para os homens e mulheres a vacina tamb\u00e9m est\u00e1 dispon\u00edvel para a faixa et\u00e1ria de&nbsp;<strong>12 a 49 anos<\/strong>&nbsp;para as mulheres e de&nbsp;<strong>12 a 39 anos<\/strong>&nbsp;para os homens.<\/p>\n","protected":false},"excerpt":{"rendered":"<p>O que \u00e9 rub\u00e9ola? A&nbsp;rub\u00e9ola&nbsp;\u00e9 uma doen\u00e7a aguda, de&nbsp;alta contagiosidade, que \u00e9 transmitida pelo v\u00edrus do g\u00eanero Rubivirus, da fam\u00edlia Togaviridae. A doen\u00e7a tamb\u00e9m \u00e9 conhecida como \u201cSarampo Alem\u00e3o\u201d. No campo das doen\u00e7as infecto-contagiosas, a import\u00e2ncia epidemiol\u00f3gica da Rub\u00e9ola est\u00e1 representada pela ocorr\u00eancia da S\u00edndrome da Rub\u00e9ola Cong\u00eanita (SRC) que atinge o feto ou o [&hellip;]<\/p>\n","protected":false},"author":1,"featured_media":619,"comment_status":"closed","ping_status":"closed","sticky":false,"template":"","format":"standard","meta":{"ocean_post_layout":"","ocean_both_sidebars_style":"","ocean_both_sidebars_content_width":0,"ocean_both_sidebars_sidebars_width":0,"ocean_sidebar":"0","ocean_second_sidebar":"0","ocean_disable_margins":"enable","ocean_add_body_class":"","ocean_shortcode_before_top_bar":"","ocean_shortcode_after_top_bar":"","ocean_shortcode_before_header":"","ocean_shortcode_after_header":"","ocean_has_shortcode":"","ocean_shortcode_after_title":"","ocean_shortcode_before_footer_widgets":"","ocean_shortcode_after_footer_widgets":"","ocean_shortcode_before_footer_bottom":"","ocean_shortcode_after_footer_bottom":"","ocean_display_top_bar":"default","ocean_display_header":"default","ocean_header_style":"","ocean_center_header_left_menu":"0","ocean_custom_header_template":"0","ocean_custom_logo":0,"ocean_custom_retina_logo":0,"ocean_custom_logo_max_width":0,"ocean_custom_logo_tablet_max_width":0,"ocean_custom_logo_mobile_max_width":0,"ocean_custom_logo_max_height":0,"ocean_custom_logo_tablet_max_height":0,"ocean_custom_logo_mobile_max_height":0,"ocean_header_custom_menu":"0","ocean_menu_typo_font_family":"0","ocean_menu_typo_font_subset":"","ocean_menu_typo_font_size":0,"ocean_menu_typo_font_size_tablet":0,"ocean_menu_typo_font_size_mobile":0,"ocean_menu_typo_font_size_unit":"px","ocean_menu_typo_font_weight":"","ocean_menu_typo_font_weight_tablet":"","ocean_menu_typo_font_weight_mobile":"","ocean_menu_typo_transform":"","ocean_menu_typo_transform_tablet":"","ocean_menu_typo_transform_mobile":"","ocean_menu_typo_line_height":0,"ocean_menu_typo_line_height_tablet":0,"ocean_menu_typo_line_height_mobile":0,"ocean_menu_typo_line_height_unit":"","ocean_menu_typo_spacing":0,"ocean_menu_typo_spacing_tablet":0,"ocean_menu_typo_spacing_mobile":0,"ocean_menu_typo_spacing_unit":"","ocean_menu_link_color":"","ocean_menu_link_color_hover":"","ocean_menu_link_color_active":"","ocean_menu_link_background":"","ocean_menu_link_hover_background":"","ocean_menu_link_active_background":"","ocean_menu_social_links_bg":"","ocean_menu_social_hover_links_bg":"","ocean_menu_social_links_color":"","ocean_menu_social_hover_links_color":"","ocean_disable_title":"default","ocean_disable_heading":"default","ocean_post_title":"","ocean_post_subheading":"","ocean_post_title_style":"","ocean_post_title_background_color":"","ocean_post_title_background":0,"ocean_post_title_bg_image_position":"","ocean_post_title_bg_image_attachment":"","ocean_post_title_bg_image_repeat":"","ocean_post_title_bg_image_size":"","ocean_post_title_height":0,"ocean_post_title_bg_overlay":0.5,"ocean_post_title_bg_overlay_color":"","ocean_disable_breadcrumbs":"default","ocean_breadcrumbs_color":"","ocean_breadcrumbs_separator_color":"","ocean_breadcrumbs_links_color":"","ocean_breadcrumbs_links_hover_color":"","ocean_display_footer_widgets":"default","ocean_display_footer_bottom":"default","ocean_custom_footer_template":"0","_joinchat":[],"ocean_post_oembed":"","ocean_post_self_hosted_media":"","ocean_post_video_embed":"","ocean_link_format":"","ocean_link_format_target":"self","ocean_quote_format":"","ocean_quote_format_link":"post","ocean_gallery_link_images":"off","ocean_gallery_id":[],"footnotes":""},"categories":[390,111],"tags":[112,430,1012],"class_list":["post-618","post","type-post","status-publish","format-standard","has-post-thumbnail","hentry","category-infectologia","category-clinico-geral","tag-clinico-geral","tag-infectologia","tag-rubeola","entry","has-media"],"_links":{"self":[{"href":"https:\/\/imeclinicacidada.com.br\/blog\/wp-json\/wp\/v2\/posts\/618","targetHints":{"allow":["GET"]}}],"collection":[{"href":"https:\/\/imeclinicacidada.com.br\/blog\/wp-json\/wp\/v2\/posts"}],"about":[{"href":"https:\/\/imeclinicacidada.com.br\/blog\/wp-json\/wp\/v2\/types\/post"}],"author":[{"embeddable":true,"href":"https:\/\/imeclinicacidada.com.br\/blog\/wp-json\/wp\/v2\/users\/1"}],"replies":[{"embeddable":true,"href":"https:\/\/imeclinicacidada.com.br\/blog\/wp-json\/wp\/v2\/comments?post=618"}],"version-history":[{"count":1,"href":"https:\/\/imeclinicacidada.com.br\/blog\/wp-json\/wp\/v2\/posts\/618\/revisions"}],"predecessor-version":[{"id":620,"href":"https:\/\/imeclinicacidada.com.br\/blog\/wp-json\/wp\/v2\/posts\/618\/revisions\/620"}],"wp:featuredmedia":[{"embeddable":true,"href":"https:\/\/imeclinicacidada.com.br\/blog\/wp-json\/wp\/v2\/media\/619"}],"wp:attachment":[{"href":"https:\/\/imeclinicacidada.com.br\/blog\/wp-json\/wp\/v2\/media?parent=618"}],"wp:term":[{"taxonomy":"category","embeddable":true,"href":"https:\/\/imeclinicacidada.com.br\/blog\/wp-json\/wp\/v2\/categories?post=618"},{"taxonomy":"post_tag","embeddable":true,"href":"https:\/\/imeclinicacidada.com.br\/blog\/wp-json\/wp\/v2\/tags?post=618"}],"curies":[{"name":"wp","href":"https:\/\/api.w.org\/{rel}","templated":true}]}}