{"id":647,"date":"2020-09-22T13:11:22","date_gmt":"2020-09-22T16:11:22","guid":{"rendered":"https:\/\/www.imeclinicacidada.com.br\/blog\/?p=647"},"modified":"2020-09-22T13:12:49","modified_gmt":"2020-09-22T16:12:49","slug":"tracoma","status":"publish","type":"post","link":"https:\/\/imeclinicacidada.com.br\/blog\/tracoma\/","title":{"rendered":"Tracoma"},"content":{"rendered":"\n<h2 class=\"wp-block-heading\">O que \u00e9 tracoma?<\/h2>\n\n\n\n<p>O tracoma \u00e9 uma doen\u00e7a inflamat\u00f3ria ocular, uma conjuntivite causada pela bact\u00e9ria&nbsp;<em>Chlamydia trachomatis&nbsp;<\/em>que ocorre em \u00e1reas de maior concentra\u00e7\u00e3o de pobreza, deficientes condi\u00e7\u00f5es de saneamento b\u00e1sico e acesso \u00e0 \u00e1gua.&nbsp;<\/p>\n\n\n\n<p>O tracoma \u00e9 respons\u00e1vel por preju\u00edzos visuais em 1,9 milh\u00f5es de pessoas, das quais 450 mil apresentam cegueira irrevers\u00edvel. Estima-se que 190,2 milh\u00f5es de pessoas vivem em \u00e1reas end\u00eamicas com risco de cegueira por tracoma.<strong>IMPORTANTE:<\/strong>&nbsp; O tracoma \u00e9 um problema de sa\u00fade p\u00fablica em muitos pa\u00edses pobres e em \u00e1reas remotas de 42 pa\u00edses da \u00c1frica, \u00c1sia, Am\u00e9rica Central e do Sul e Oriente M\u00e9dio (Bourne et al., 2013; WHO, 2016; WHO, 2017).<\/p>\n\n\n\n<h2 class=\"wp-block-heading\">Quais s\u00e3o as formas cl\u00ednicas do tracoma?<\/h2>\n\n\n\n<p>O tracoma apresenta cinco formas cl\u00ednicas, classificadas e padronizadas pela Organiza\u00e7\u00e3o Mundial de Sa\u00fade &#8211; OMS:<\/p>\n\n\n\n<ul class=\"wp-block-list\"><li>duas formas transmiss\u00edveis, ativas (Tracoma Inflamat\u00f3rio Folicular \u2013 TF e Tracoma Inflamat\u00f3rio Intenso &#8211; TI);<\/li><li>tr\u00eas formas n\u00e3o transmiss\u00edveis (Tracoma Cicatricial &#8211; TS, Triqu\u00edase Tracomatosa &#8211; TT e Opacifica\u00e7\u00e3o Corneana &#8211; CO) &#8211; formas sequelares, consequ\u00eancia de processos repetidos de infec\u00e7\u00e3o e cicatriza\u00e7\u00e3o.<\/li><\/ul>\n\n\n\n<p>Um caso positivo de tracoma possui v\u00ednculo epidemiol\u00f3gico, est\u00e1 sempre associado a outro caso. Em \u00e1reas onde as infec\u00e7\u00f5es bacterianas secund\u00e1rias s\u00e3o frequentes, aumentam os riscos de transmissibilidade e gravidade da doen\u00e7a.<\/p>\n\n\n\n<h2 class=\"wp-block-heading\">O que causa o tracoma?<\/h2>\n\n\n\n<p>A causa do tracoma \u00e9&nbsp;a presen\u00e7a da bact\u00e9ria&nbsp;<em>C. trachomatis<\/em>&nbsp;em contato com a conjuntiva ocular, que produz uma rea\u00e7\u00e3o inflamat\u00f3ria difusa na p\u00e1lpebra superior, com o aparecimento de fol\u00edculos. Em \u00e1reas hiperend\u00eamicas, em decorr\u00eancia de infec\u00e7\u00f5es repetidas, os fol\u00edculos, que s\u00e3o forma\u00e7\u00f5es arredondadas, evoluem e quando regridem persistem cicatrizes nos locais afetados que evoluem para a forma\u00e7\u00e3o de linhas de cicatrizes. Nem sempre haver\u00e1 a forma\u00e7\u00e3o de cicatrizes<\/p>\n\n\n\n<p>As cicatrizes produzem deformidades que evoluem para a retra\u00e7\u00e3o da p\u00e1lpebra entr\u00f3pio) e dos c\u00edlios (triqu\u00edase). Os c\u00edlios em posi\u00e7\u00e3o defeituosa tocam a c\u00f3rnea e provocam abras\u00e3o cr\u00f4nica, opacidade da c\u00f3rnea, que promove a diminui\u00e7\u00e3o progressiva da vis\u00e3o. Caso n\u00e3o seja realizada a cirurgia para corre\u00e7\u00e3o palpebral ou epila\u00e7\u00e3o destes c\u00edlios, o caso pode evoluir para baixa na acuidade visual at\u00e9 a cegueira.<\/p>\n\n\n\n<ul class=\"wp-block-list\"><li><strong>Agente etiol\u00f3gico:<\/strong>&nbsp;bact\u00e9ria gram-negativa&nbsp;<em>Chlamydia trachomatis<\/em>, de vida intracelular obrigat\u00f3ria, dos sorotipos A, B, Ba e C. Existem outros sorotipos de C. trachomatis infectantes para o homem, por\u00e9m est\u00e3o associados a conjuntivites de inclus\u00e3o, doen\u00e7as sexualmente transmiss\u00edveis e pneumonia em rec\u00e9m-nascidos.<\/li><li><strong>Reservat\u00f3rio:<\/strong>&nbsp;O homem, com infec\u00e7\u00e3o ativa na conjuntiva ou outras mucosas. Crian\u00e7as at\u00e9 10 anos de idade, com infec\u00e7\u00e3o ativa, configuram o principal reservat\u00f3rio do agente etiol\u00f3gico, nas localidades onde o tracoma \u00e9 end\u00eamico.<\/li><li><strong>Vetores:&nbsp;<\/strong>Alguns insetos, como a mosca dom\u00e9stica (<em>Musca domestica<\/em>), e\/ou a lambe-olhos (<em>Hippelates sp e Liohippelates spp.),<\/em>&nbsp;podem atuar como vetores mec\u00e2nicos da bact\u00e9ria.<\/li><\/ul>\n\n\n\n<p><strong>IMPORTANTE:<\/strong>&nbsp;N\u00e3o h\u00e1 reservat\u00f3rios animais reconhecidos.<\/p>\n\n\n\n<h2 class=\"wp-block-heading\">Quais s\u00e3o os sinais e sintomas do tracoma?<\/h2>\n\n\n\n<p>Em sua fase inicial o tracoma \u00e9 uma doen\u00e7a end\u00eamica nas crian\u00e7as. A doen\u00e7a apresenta um curso cr\u00f4nico recidivante. Repetidas infe\u00e7\u00f5es em \u00e1reas hiperend\u00eamicas produzem a forma\u00e7\u00e3o de fol\u00edculos e cicatrizes na conjuntiva palpebral superior. As cicatrizes na mucosa da p\u00e1lpebra superior promovem mudan\u00e7as na posi\u00e7\u00e3o da p\u00e1lpebra (entr\u00f3pio) e altera\u00e7\u00e3o na posi\u00e7\u00e3o dos c\u00edlios (triqu\u00edase), fazendo com que os c\u00edlios toquem o globo ocular. Os atritos dos c\u00edlios sobre o globo ocular causam escoria\u00e7\u00f5es na c\u00f3rnea que levam \u00e0 opacifica\u00e7\u00e3o e diminui\u00e7\u00e3o da acuidade visual at\u00e9 \u00e0 cegueira.<\/p>\n\n\n\n<p>Em geral, o indiv\u00edduo com tracoma apresenta os seguintes sinais e sintomas:<\/p>\n\n\n\n<ul class=\"wp-block-list\"><li>fotofobia (sensibilidade e intoler\u00e2ncia \u00e0 luz);<\/li><li>prurido (coceira nos olhos);<\/li><li>sensa\u00e7\u00e3o de corpo estranho dentro do olho;<\/li><li>vermelhid\u00e3o nos olhos;<\/li><li>secre\u00e7\u00e3o;<\/li><li>lacrimejamento.<\/li><\/ul>\n\n\n\n<p>Muitos casos de tracoma n\u00e3o apresentam nenhum sintoma. O per\u00edodo de incuba\u00e7\u00e3o (per\u00edodo entre o momento da infec\u00e7\u00e3o e o surgimento dos sintomas) do tracoma dura de 5 a 12 dias e pode se apresentar inicialmente com a apar\u00eancia de uma inflama\u00e7\u00e3o que afeta ambos os olhos.<\/p>\n\n\n\n<p>Os pacientes que apresentam as formas sequelares do tracoma &#8211; entr\u00f3pio (p\u00e1lpebra com a margem virada para dentro do olho) e triqu\u00edase tracomatosa (c\u00edlios em posi\u00e7\u00e3o defeituosa, tocando o globo ocular) manifestam dor constante, fotofobia e dificuldade de abrir os olhos.<strong>IMPORTANTE:<\/strong>&nbsp;A maior ou menor gravidade da doen\u00e7a ocorre principalmente com a reincid\u00eancia da doen\u00e7a em \u00e1reas com muitos casos de tracoma e pelas conjuntivites bacterianas associadas. Infec\u00e7\u00f5es bacterianas secund\u00e1rias podem estar associadas ao quadro, contribuindo para a dissemina\u00e7\u00e3o da doen\u00e7a.<\/p>\n\n\n\n<h2 class=\"wp-block-heading\">Como \u00e9 feito o diagn\u00f3stico do tracoma?<\/h2>\n\n\n\n<p>O diagn\u00f3stico do tracoma \u00e9 essencialmente cl\u00ednico e realizado por meio de exame ocular externo, utilizando lupa binocular de 2,5 vezes de aumento, onde buscam-se os sinais cl\u00ednicos de presen\u00e7a de fol\u00edculos e cicatrizes na conjuntiva palpebral superior e altera\u00e7\u00f5es na posi\u00e7\u00e3o dos c\u00edlios.&nbsp;<\/p>\n\n\n\n<p>O diagn\u00f3stico laboratorial deve ser utilizado para a constata\u00e7\u00e3o da circula\u00e7\u00e3o da bact\u00e9ria causadora do tracoma na comunidade, e n\u00e3o para a confirma\u00e7\u00e3o de cada caso, individualmente<\/p>\n\n\n\n<p>&nbsp;A t\u00e9cnica laboratorial padr\u00e3o, para o diagn\u00f3stico das infec\u00e7\u00f5es por&nbsp;<em>Chlamydia trachomatis,<\/em>&nbsp; \u00e9 a cultura, por\u00e9m n\u00e3o \u00e9 utilizada como rotina nos laborat\u00f3rios de sa\u00fade p\u00fablica. No Brasil, a t\u00e9cnica de Imunofluoresc\u00eancia Direta foi realizada por v\u00e1rios anos. Atualmente encontra-se em fase de valida\u00e7\u00e3o a t\u00e9cnica &nbsp;de diagn\u00f3stico molecular de rea\u00e7\u00e3o em cadeia da &nbsp;polimerase- PCR, para Clamidia ocular.<\/p>\n\n\n\n<h2 class=\"wp-block-heading\">Como \u00e9 feito o tratamento do tracoma?<\/h2>\n\n\n\n<p>O tratamento preconizado pelo Minist\u00e9rio da Sa\u00fade \u00e9 o antibi\u00f3tico Azitromicina na dose de 20mg por Kg de peso para crian\u00e7as e para adultos acima de 45 kg , 1 grama, em dose \u00fanica oral. O SUS disponibiliza tratamento gratuito de azitromicina nas apresenta\u00e7\u00f5es em comprimidos de 500mg e suspens\u00e3o de 600mg.<\/p>\n\n\n\n<p>O objetivo do tratamento \u00e9 a cura da infec\u00e7\u00e3o , interrup\u00e7\u00e3o da cadeia de transmiss\u00e3o da bact\u00e9ria e diminui\u00e7\u00e3o da circula\u00e7\u00e3o do agente etiol\u00f3gico na comunidade, o que leva \u00e0 redu\u00e7\u00e3o da frequ\u00eancia das reinfec\u00e7\u00f5es e da gravidade dos casos.&nbsp;<\/p>\n\n\n\n<p>Para impacto no controle do tracoma, faz-se necess\u00e1rio ado\u00e7\u00e3o de medidas de controle como o uso de antibi\u00f3ticos em massa de toda a popula\u00e7\u00e3o nas \u00e1reas hiperend\u00eamicas e medidas de melhorias ambientais, de saneamento e educa\u00e7\u00e3o em sa\u00fade.<\/p>\n\n\n\n<h2 class=\"wp-block-heading\">Como o tracoma \u00e9 transmitido?<\/h2>\n\n\n\n<p>Modo de transmiss\u00e3o: contato direto de pessoa a pessoa, ou indireto por meio de objetos contaminados (toalhas, len\u00e7os, fronhas etc). As moscas podem contribuir para a dissemina\u00e7\u00e3o da doen\u00e7a, por transmiss\u00e3o mec\u00e2nica. A transmiss\u00e3o s\u00f3 \u00e9 poss\u00edvel na presen\u00e7a de les\u00f5es ativas.<\/p>\n\n\n\n<p>A suscetibilidade \u00e0 infec\u00e7\u00e3o por tracoma \u00e9 universal, sendo as crian\u00e7as as mais suscet\u00edveis, inclusive \u00e0s reinfec\u00e7\u00f5es.&nbsp;<strong>N\u00e3o se observa imunidade natural ou adquirida \u00e0 infec\u00e7\u00e3o por&nbsp;<\/strong><em>C. trachomatis.<\/em><\/p>\n\n\n\n<h2 class=\"wp-block-heading\">Como prevenir o tracoma?<\/h2>\n\n\n\n<p>O tracoma est\u00e1 relacionado com as prec\u00e1rias condi\u00e7\u00f5es socioecon\u00f4micas, de saneamento e com os determinantes sociais em sa\u00fade. Em pa\u00edses desenvolvidos, o controle da doen\u00e7a foi alcan\u00e7ado com melhoria das condi\u00e7\u00f5es de vida e saneamento b\u00e1sico.<\/p>\n\n\n\n<p>Nesse sentido, s\u00e3o fundamentais, para prevenir o tracoma, medidas de promo\u00e7\u00e3o da higiene pessoal e familiar, tais como a limpeza do rosto, o destino adequado do lixo, disponibilidade de \u00e1gua e destino adequado dos dejetos.<\/p>\n\n\n\n<p>A preven\u00e7\u00e3o do tracoma pode ser realizada com a ado\u00e7\u00e3o de h\u00e1bitos adequados de higiene, como lavagem do rosto das crian\u00e7as com frequ\u00eancia e n\u00e3o compartilhamento de objetos de uso pessoal como len\u00e7os, roupas e toalhas entre outros.<\/p>\n\n\n\n<p>A busca ativa deve ocorrer em comunidades de risco epidemiol\u00f3gico e social, em escolas e creches, e de forma sistem\u00e1tica nos locais onde haja suspeita da ocorr\u00eancia de casos de tracoma. Deve ser ressaltada a import\u00e2ncia das medidas de educa\u00e7\u00e3o em sa\u00fade, envolvendo pais, professores, funcion\u00e1rios e crian\u00e7as para o sucesso das medidas de vigil\u00e2ncia e controle do tracoma.<\/p>\n\n\n\n<p>N\u00e3o h\u00e1 necessidade de isolamento dos casos. Os indiv\u00edduos com tracoma devem receber tratamento e continuar a frequentar a institui\u00e7\u00e3o.\u00a0O tracoma n\u00e3o \u00e9 uma doen\u00e7a de notifica\u00e7\u00e3o compuls\u00f3ria nacional, entretanto \u00e9 uma doen\u00e7a sob vigil\u00e2ncia epidemiol\u00f3gica de interesse nacional, por ser uma doen\u00e7a com metas de elimina\u00e7\u00e3o como problema de sa\u00fade p\u00fablica, sendo orientado o registro de todos os casos positivos no Sistema de Informa\u00e7\u00e3o de Agravos de Notifica\u00e7\u00e3o (Sinan).<\/p>\n\n\n\n<p>Fonte: <strong><a href=\"http:\/\/saude.gov.br\/saude-de-a-z\/tracoma\" target=\"_blank\" rel=\"noreferrer noopener\">Minist\u00e9rio da Sa\u00fade<\/a><\/strong><\/p>\n","protected":false},"excerpt":{"rendered":"<p>O que \u00e9 tracoma? O tracoma \u00e9 uma doen\u00e7a inflamat\u00f3ria ocular, uma conjuntivite causada pela bact\u00e9ria&nbsp;Chlamydia trachomatis&nbsp;que ocorre em \u00e1reas de maior concentra\u00e7\u00e3o de pobreza, deficientes condi\u00e7\u00f5es de saneamento b\u00e1sico e acesso \u00e0 \u00e1gua.&nbsp; O tracoma \u00e9 respons\u00e1vel por preju\u00edzos visuais em 1,9 milh\u00f5es de pessoas, das quais 450 mil apresentam cegueira irrevers\u00edvel. Estima-se que [&hellip;]<\/p>\n","protected":false},"author":1,"featured_media":650,"comment_status":"closed","ping_status":"closed","sticky":false,"template":"","format":"standard","meta":{"ocean_post_layout":"","ocean_both_sidebars_style":"","ocean_both_sidebars_content_width":0,"ocean_both_sidebars_sidebars_width":0,"ocean_sidebar":"0","ocean_second_sidebar":"0","ocean_disable_margins":"enable","ocean_add_body_class":"","ocean_shortcode_before_top_bar":"","ocean_shortcode_after_top_bar":"","ocean_shortcode_before_header":"","ocean_shortcode_after_header":"","ocean_has_shortcode":"","ocean_shortcode_after_title":"","ocean_shortcode_before_footer_widgets":"","ocean_shortcode_after_footer_widgets":"","ocean_shortcode_before_footer_bottom":"","ocean_shortcode_after_footer_bottom":"","ocean_display_top_bar":"default","ocean_display_header":"default","ocean_header_style":"","ocean_center_header_left_menu":"0","ocean_custom_header_template":"0","ocean_custom_logo":0,"ocean_custom_retina_logo":0,"ocean_custom_logo_max_width":0,"ocean_custom_logo_tablet_max_width":0,"ocean_custom_logo_mobile_max_width":0,"ocean_custom_logo_max_height":0,"ocean_custom_logo_tablet_max_height":0,"ocean_custom_logo_mobile_max_height":0,"ocean_header_custom_menu":"0","ocean_menu_typo_font_family":"0","ocean_menu_typo_font_subset":"","ocean_menu_typo_font_size":0,"ocean_menu_typo_font_size_tablet":0,"ocean_menu_typo_font_size_mobile":0,"ocean_menu_typo_font_size_unit":"px","ocean_menu_typo_font_weight":"","ocean_menu_typo_font_weight_tablet":"","ocean_menu_typo_font_weight_mobile":"","ocean_menu_typo_transform":"","ocean_menu_typo_transform_tablet":"","ocean_menu_typo_transform_mobile":"","ocean_menu_typo_line_height":0,"ocean_menu_typo_line_height_tablet":0,"ocean_menu_typo_line_height_mobile":0,"ocean_menu_typo_line_height_unit":"","ocean_menu_typo_spacing":0,"ocean_menu_typo_spacing_tablet":0,"ocean_menu_typo_spacing_mobile":0,"ocean_menu_typo_spacing_unit":"","ocean_menu_link_color":"","ocean_menu_link_color_hover":"","ocean_menu_link_color_active":"","ocean_menu_link_background":"","ocean_menu_link_hover_background":"","ocean_menu_link_active_background":"","ocean_menu_social_links_bg":"","ocean_menu_social_hover_links_bg":"","ocean_menu_social_links_color":"","ocean_menu_social_hover_links_color":"","ocean_disable_title":"default","ocean_disable_heading":"default","ocean_post_title":"","ocean_post_subheading":"","ocean_post_title_style":"","ocean_post_title_background_color":"","ocean_post_title_background":0,"ocean_post_title_bg_image_position":"","ocean_post_title_bg_image_attachment":"","ocean_post_title_bg_image_repeat":"","ocean_post_title_bg_image_size":"","ocean_post_title_height":0,"ocean_post_title_bg_overlay":0.5,"ocean_post_title_bg_overlay_color":"","ocean_disable_breadcrumbs":"default","ocean_breadcrumbs_color":"","ocean_breadcrumbs_separator_color":"","ocean_breadcrumbs_links_color":"","ocean_breadcrumbs_links_hover_color":"","ocean_display_footer_widgets":"default","ocean_display_footer_bottom":"default","ocean_custom_footer_template":"0","_joinchat":[],"ocean_post_oembed":"","ocean_post_self_hosted_media":"","ocean_post_video_embed":"","ocean_link_format":"","ocean_link_format_target":"self","ocean_quote_format":"","ocean_quote_format_link":"post","ocean_gallery_link_images":"off","ocean_gallery_id":[],"footnotes":""},"categories":[34],"tags":[579],"class_list":["post-647","post","type-post","status-publish","format-standard","has-post-thumbnail","hentry","category-oftalmologia","tag-oftalmologia","entry","has-media"],"_links":{"self":[{"href":"https:\/\/imeclinicacidada.com.br\/blog\/wp-json\/wp\/v2\/posts\/647","targetHints":{"allow":["GET"]}}],"collection":[{"href":"https:\/\/imeclinicacidada.com.br\/blog\/wp-json\/wp\/v2\/posts"}],"about":[{"href":"https:\/\/imeclinicacidada.com.br\/blog\/wp-json\/wp\/v2\/types\/post"}],"author":[{"embeddable":true,"href":"https:\/\/imeclinicacidada.com.br\/blog\/wp-json\/wp\/v2\/users\/1"}],"replies":[{"embeddable":true,"href":"https:\/\/imeclinicacidada.com.br\/blog\/wp-json\/wp\/v2\/comments?post=647"}],"version-history":[{"count":1,"href":"https:\/\/imeclinicacidada.com.br\/blog\/wp-json\/wp\/v2\/posts\/647\/revisions"}],"predecessor-version":[{"id":649,"href":"https:\/\/imeclinicacidada.com.br\/blog\/wp-json\/wp\/v2\/posts\/647\/revisions\/649"}],"wp:featuredmedia":[{"embeddable":true,"href":"https:\/\/imeclinicacidada.com.br\/blog\/wp-json\/wp\/v2\/media\/650"}],"wp:attachment":[{"href":"https:\/\/imeclinicacidada.com.br\/blog\/wp-json\/wp\/v2\/media?parent=647"}],"wp:term":[{"taxonomy":"category","embeddable":true,"href":"https:\/\/imeclinicacidada.com.br\/blog\/wp-json\/wp\/v2\/categories?post=647"},{"taxonomy":"post_tag","embeddable":true,"href":"https:\/\/imeclinicacidada.com.br\/blog\/wp-json\/wp\/v2\/tags?post=647"}],"curies":[{"name":"wp","href":"https:\/\/api.w.org\/{rel}","templated":true}]}}