{"id":715,"date":"2021-04-15T08:00:00","date_gmt":"2021-04-15T11:00:00","guid":{"rendered":"https:\/\/www.imeclinicacidada.com.br\/blog\/?p=715"},"modified":"2021-04-08T19:31:10","modified_gmt":"2021-04-08T22:31:10","slug":"tuberculose-tem-cura","status":"publish","type":"post","link":"https:\/\/imeclinicacidada.com.br\/blog\/tuberculose-tem-cura\/","title":{"rendered":"Tuberculose tem cura?"},"content":{"rendered":"\n<p>Depende. Quanto mais cedo diagnosticada a doen\u00e7a, mais chances de cura, pois o tratamento \u00e9 considerado um processo lento. Em m\u00e9dia, a dura\u00e7\u00e3o do tratamento \u00e9 consideravelmente superior quando comparada com outras infe\u00e7\u00f5es.<\/p>\n\n\n\n<p>\u2705A tuberculose \u00e9 uma doen\u00e7a infeciosa que afeta principalmente os pulm\u00f5es. Esta infec\u00e7\u00e3o pulmonar causa sintomas como febre, tosse, expetora\u00e7\u00e3o, perda de peso, dor no peito, entre outros<\/p>\n\n\n\n<p>\u2705A doen\u00e7a \u00e9 uma das que mais mortes causa no Brasil. Estima-se, ainda, que mais ou menos 30% da popula\u00e7\u00e3o mundial estejam infectados, embora nem todos venham a desenvolver a doen\u00e7a.<\/p>\n\n\n\n<p>Se voc\u00ea apresentar algum destes sintomas que citamos, procure um pneumologista.<\/p>\n\n\n\n<p>\ud83d\udc9aNo IME temos pneumologistas e + de 90 m\u00e9dicos para voc\u00ea e sua fam\u00edlia.<\/p>\n\n\n\n<p>\u2705Todas as nossas cl\u00ednicas est\u00e3o abertas<\/p>\n\n\n\n<p>Agende sua consulta:<br>\ud83d\udcdeFone: 3253 5353<br>\ud83d\udcf1WhatsAPP: 99962-1595<br>\ud83d\udcbbSite: www.imeclinicacidada.com.br<\/p>\n","protected":false},"excerpt":{"rendered":"<p>Depende. Quanto mais cedo diagnosticada a doen\u00e7a, mais chances de cura, pois o tratamento \u00e9 considerado um processo lento. Em m\u00e9dia, a dura\u00e7\u00e3o do tratamento \u00e9 consideravelmente superior quando comparada com outras infe\u00e7\u00f5es. \u2705A tuberculose \u00e9 uma doen\u00e7a infeciosa que afeta principalmente os pulm\u00f5es. Esta infec\u00e7\u00e3o pulmonar causa sintomas como febre, tosse, expetora\u00e7\u00e3o, perda de [&hellip;]<\/p>\n","protected":false},"author":1,"featured_media":693,"comment_status":"closed","ping_status":"closed","sticky":false,"template":"","format":"standard","meta":{"ocean_post_layout":"","ocean_both_sidebars_style":"","ocean_both_sidebars_content_width":0,"ocean_both_sidebars_sidebars_width":0,"ocean_sidebar":"0","ocean_second_sidebar":"0","ocean_disable_margins":"enable","ocean_add_body_class":"","ocean_shortcode_before_top_bar":"","ocean_shortcode_after_top_bar":"","ocean_shortcode_before_header":"","ocean_shortcode_after_header":"","ocean_has_shortcode":"","ocean_shortcode_after_title":"","ocean_shortcode_before_footer_widgets":"","ocean_shortcode_after_footer_widgets":"","ocean_shortcode_before_footer_bottom":"","ocean_shortcode_after_footer_bottom":"","ocean_display_top_bar":"default","ocean_display_header":"default","ocean_header_style":"","ocean_center_header_left_menu":"0","ocean_custom_header_template":"0","ocean_custom_logo":0,"ocean_custom_retina_logo":0,"ocean_custom_logo_max_width":0,"ocean_custom_logo_tablet_max_width":0,"ocean_custom_logo_mobile_max_width":0,"ocean_custom_logo_max_height":0,"ocean_custom_logo_tablet_max_height":0,"ocean_custom_logo_mobile_max_height":0,"ocean_header_custom_menu":"0","ocean_menu_typo_font_family":"0","ocean_menu_typo_font_subset":"","ocean_menu_typo_font_size":0,"ocean_menu_typo_font_size_tablet":0,"ocean_menu_typo_font_size_mobile":0,"ocean_menu_typo_font_size_unit":"px","ocean_menu_typo_font_weight":"","ocean_menu_typo_font_weight_tablet":"","ocean_menu_typo_font_weight_mobile":"","ocean_menu_typo_transform":"","ocean_menu_typo_transform_tablet":"","ocean_menu_typo_transform_mobile":"","ocean_menu_typo_line_height":0,"ocean_menu_typo_line_height_tablet":0,"ocean_menu_typo_line_height_mobile":0,"ocean_menu_typo_line_height_unit":"","ocean_menu_typo_spacing":0,"ocean_menu_typo_spacing_tablet":0,"ocean_menu_typo_spacing_mobile":0,"ocean_menu_typo_spacing_unit":"","ocean_menu_link_color":"","ocean_menu_link_color_hover":"","ocean_menu_link_color_active":"","ocean_menu_link_background":"","ocean_menu_link_hover_background":"","ocean_menu_link_active_background":"","ocean_menu_social_links_bg":"","ocean_menu_social_hover_links_bg":"","ocean_menu_social_links_color":"","ocean_menu_social_hover_links_color":"","ocean_disable_title":"default","ocean_disable_heading":"default","ocean_post_title":"","ocean_post_subheading":"","ocean_post_title_style":"","ocean_post_title_background_color":"","ocean_post_title_background":0,"ocean_post_title_bg_image_position":"","ocean_post_title_bg_image_attachment":"","ocean_post_title_bg_image_repeat":"","ocean_post_title_bg_image_size":"","ocean_post_title_height":0,"ocean_post_title_bg_overlay":0.5,"ocean_post_title_bg_overlay_color":"","ocean_disable_breadcrumbs":"default","ocean_breadcrumbs_color":"","ocean_breadcrumbs_separator_color":"","ocean_breadcrumbs_links_color":"","ocean_breadcrumbs_links_hover_color":"","ocean_display_footer_widgets":"default","ocean_display_footer_bottom":"default","ocean_custom_footer_template":"0","_joinchat":[],"ocean_post_oembed":"","ocean_post_self_hosted_media":"","ocean_post_video_embed":"","ocean_link_format":"","ocean_link_format_target":"self","ocean_quote_format":"","ocean_quote_format_link":"post","ocean_gallery_link_images":"off","ocean_gallery_id":[],"footnotes":""},"categories":[390,111],"tags":[430,1074],"class_list":["post-715","post","type-post","status-publish","format-standard","has-post-thumbnail","hentry","category-infectologia","category-clinico-geral","tag-infectologia","tag-infectologista","entry","has-media"],"_links":{"self":[{"href":"https:\/\/imeclinicacidada.com.br\/blog\/wp-json\/wp\/v2\/posts\/715","targetHints":{"allow":["GET"]}}],"collection":[{"href":"https:\/\/imeclinicacidada.com.br\/blog\/wp-json\/wp\/v2\/posts"}],"about":[{"href":"https:\/\/imeclinicacidada.com.br\/blog\/wp-json\/wp\/v2\/types\/post"}],"author":[{"embeddable":true,"href":"https:\/\/imeclinicacidada.com.br\/blog\/wp-json\/wp\/v2\/users\/1"}],"replies":[{"embeddable":true,"href":"https:\/\/imeclinicacidada.com.br\/blog\/wp-json\/wp\/v2\/comments?post=715"}],"version-history":[{"count":1,"href":"https:\/\/imeclinicacidada.com.br\/blog\/wp-json\/wp\/v2\/posts\/715\/revisions"}],"predecessor-version":[{"id":716,"href":"https:\/\/imeclinicacidada.com.br\/blog\/wp-json\/wp\/v2\/posts\/715\/revisions\/716"}],"wp:featuredmedia":[{"embeddable":true,"href":"https:\/\/imeclinicacidada.com.br\/blog\/wp-json\/wp\/v2\/media\/693"}],"wp:attachment":[{"href":"https:\/\/imeclinicacidada.com.br\/blog\/wp-json\/wp\/v2\/media?parent=715"}],"wp:term":[{"taxonomy":"category","embeddable":true,"href":"https:\/\/imeclinicacidada.com.br\/blog\/wp-json\/wp\/v2\/categories?post=715"},{"taxonomy":"post_tag","embeddable":true,"href":"https:\/\/imeclinicacidada.com.br\/blog\/wp-json\/wp\/v2\/tags?post=715"}],"curies":[{"name":"wp","href":"https:\/\/api.w.org\/{rel}","templated":true}]}}