{"id":718,"date":"2021-04-19T15:10:26","date_gmt":"2021-04-19T18:10:26","guid":{"rendered":"https:\/\/www.imeclinicacidada.com.br\/blog\/?p=718"},"modified":"2021-04-19T15:10:47","modified_gmt":"2021-04-19T18:10:47","slug":"8-dicas-saude-mental","status":"publish","type":"post","link":"https:\/\/imeclinicacidada.com.br\/blog\/8-dicas-saude-mental\/","title":{"rendered":"Dicas de sa\u00fade Emocional"},"content":{"rendered":"\n<p>Para ter uma melhor\u00a0qualidade de vida, \u00e9 preciso estar com a sa\u00fade em dia.\u00a0E\u00a0em rela\u00e7\u00e3o a esse assunto, n\u00e3o devemos pensar apenas numa abrang\u00eancia f\u00edsica. Muito pelo contr\u00e1rio: a sa\u00fade emocional tamb\u00e9m \u00e9 muito importante e merece aten\u00e7\u00e3o.<\/p>\n\n\n\n<p>Afinal, ela nada mais \u00e9 que um estado de bem-estar&nbsp;em que o indiv\u00edduo desenvolve&nbsp;suas pr\u00f3prias habilidades, corre atr\u00e1s de seus objetivos com total motiva\u00e7\u00e3o, trabalha produtivamente, lida com situa\u00e7\u00f5es estressantes da melhor forma e consegue contribuir de uma maneira muito mais positiva para a sociedade.<\/p>\n\n\n\n<p>Existem alguns cuidados muito simples que ajudam a proteger o lado emocional e evitar o aparecimento de algumas doen\u00e7as, principalmente as psicossom\u00e1ticas.&nbsp;E&nbsp;a boa not\u00edcia \u00e9 que reunimos os principais neste&nbsp;post! Quer saber quais s\u00e3o? Continue a leitura e confira!<\/p>\n\n\n\n<h2 class=\"wp-block-heading\">Como cuidar bem da sa\u00fade emocional<\/h2>\n\n\n\n<h3 class=\"wp-block-heading\">1. Mantenha comportamentos positivos<\/h3>\n\n\n\n<p>Para manter a sa\u00fade emocional, \u00e9 preciso, primeiramente, cuidar da autoestima. Ela deve ser sempre cultivada\u00a0por meio de\u00a0comportamentos e atitudes positivas. Para tanto, invista em tudo o que faz voc\u00ea se sentir melhor e mais bonito: mude o visual, modifique o jeito de se vestir, aposte nas tend\u00eancias sobre est\u00e9tica e beleza e pratique alguma\u00a0atividade f\u00edsica\u00a0para manter o corpo em dia.<\/p>\n\n\n\n<p>Al\u00e9m disso, procure adotar pensamentos de esperan\u00e7a e otimismo mesmo quando a situa\u00e7\u00e3o n\u00e3o estiver t\u00e3o favor\u00e1vel, melhorar suas atitudes e se aproximar de pessoas motivadoras, alegres e que ajudem voc\u00ea&nbsp;a controlar suas emo\u00e7\u00f5es e a crescer pessoal e profissionalmente.<\/p>\n\n\n\n<p>Paralelamente, procure diminuir ou at\u00e9 mesmo eliminar o \u00f3dio, a inveja, a ang\u00fastia, a solid\u00e3o e o estresse.\u00a0E\u00a0o mais importante: controle\u00a0as tens\u00f5es e as preocupa\u00e7\u00f5es di\u00e1rias para que elas n\u00e3o atrapalhem suas fun\u00e7\u00f5es vitais, como a alimenta\u00e7\u00e3o, o conv\u00edvio social\u00a0e o\u00a0sono.<\/p>\n\n\n\n<p>Lembrando que, para manter a sua vida cada vez mais positiva, esses processos devem ser cumpridos diariamente e serem mantidos em todos os segmentos: no lar, no trabalho e na sociedade.<\/p>\n\n\n\n<h3 class=\"wp-block-heading\">2. Invista em uma boa alimenta\u00e7\u00e3o<\/h3>\n\n\n\n<p>Investir em uma\u00a0alimenta\u00e7\u00e3o saud\u00e1vel\u00a0e equilibrada tamb\u00e9m \u00e9 uma \u00f3tima forma de manter a sa\u00fade emocional. Afinal, uma nutri\u00e7\u00e3o adequada ajuda a prevenir muitos sentimentos negativos, como a irritabilidade, o des\u00e2nimo e a tristeza.\u00a0Ent\u00e3o, procure consumir, principalmente, alimentos ricos em \u00f4mega 3, como frutos do mar, \u00f3leo de linha\u00e7a e carnes vermelhas; vitaminas do complexo B, como ovos, banana e abacate; e \u00e1cido f\u00f3lico, encontrado nos vegetais verde-escuros e nas frutas c\u00edtricas.<\/p>\n\n\n\n<p>Tamb\u00e9m \u00e9 recomend\u00e1vel fazer o uso de ch\u00e1s calmantes, como camomila, erva-doce, flores de passiflora e ra\u00edzes de valeriana. Al\u00e9m de melhorarem o funcionamento do c\u00e9rebro, esses nutrientes acalmam e diminuem os sintomas de ansiedade.<\/p>\n\n\n\n<h3 class=\"wp-block-heading\">3. Fa\u00e7a atividades prazerosas<\/h3>\n\n\n\n<p>Nada melhor que praticar atividades que d\u00e3o prazer para balancear as emo\u00e7\u00f5es e fazer com que a pessoa tenha satisfa\u00e7\u00e3o na vida, bem-estar, amor-pr\u00f3prio, admira\u00e7\u00e3o e motiva\u00e7\u00e3o. Al\u00e9m de acalmar e ajudar na concentra\u00e7\u00e3o e na canaliza\u00e7\u00e3o de sentimentos, elas estimulam a intelig\u00eancia e as habilidades&nbsp;socioemocionais.<\/p>\n\n\n\n<p>Ter um\u00a0hobby, praticar algum exerc\u00edcio f\u00edsico\u00a0ao ar livre,\u00a0passear com o seu animal de estima\u00e7\u00e3o\u00a0ou sair com os amigos s\u00e3o h\u00e1bitos que d\u00e3o muito mais sentido e vontade de desfrutar os prazeres da vida. Adote-os agora mesmo!<\/p>\n\n\n\n<p>Tamb\u00e9m procure dedicar um tempo do seu dia para avaliar melhor aquela proposta do curso de confeitaria, de artes c\u00eanicas ou de artesanato que voc\u00ea sempre quis fazer. Al\u00e9m de ser um motivo para sair do comodismo, essa iniciativa garantir\u00e1 uma rotina de hor\u00e1rios, treinos e compensa\u00e7\u00f5es pelos bons resultados alcan\u00e7ados.<\/p>\n\n\n\n<h3 class=\"wp-block-heading\">4. Evite desequil\u00edbrios emocionais<\/h3>\n\n\n\n<p>A sa\u00fade emocional \u00e9 muito importante&nbsp;para a mente e o&nbsp;corpo, e&nbsp;uma m\u00ednima instabilidade&nbsp;em suas fun\u00e7\u00f5es pode&nbsp;levar ao esgotamento mental. Esse problema \u00e9 caracterizado pelo excesso de emo\u00e7\u00f5es negativas, que se externa&nbsp;por meio de&nbsp;ins\u00f4nia ou agita\u00e7\u00e3o para dormir, choros intensos, desabafos angustiantes, falta de paci\u00eancia e dificuldade de concentra\u00e7\u00e3o. Portanto, cuide&nbsp;direitinho&nbsp;dessa parte e evite complica\u00e7\u00f5es maiores!<\/p>\n\n\n\n<h3 class=\"wp-block-heading\">5. N\u00e3o tenha medo das mudan\u00e7as<\/h3>\n\n\n\n<p>A vida \u00e9 marcada pela temporalidade e, de uma hora para a outra, tudo pode mudar. Ent\u00e3o, n\u00e3o tenha medo do que est\u00e1 por vir e permita que o novo entre em sua vida, o aceite como ele \u00e9 e escreva uma nova p\u00e1gina com f\u00e9 e motiva\u00e7\u00e3o.<\/p>\n\n\n\n<p>No in\u00edcio pode ser um pouco doloroso e desconfort\u00e1vel, mas \u00e9 preciso seguir em frente. Quando uma porta se fecha, outra automaticamente se abre, oferecendo novas experi\u00eancias muito mais excitantes e emocionantes. Deixe o medo de lado e seja feliz!<\/p>\n\n\n\n<h3 class=\"wp-block-heading\">6. Pratique a toler\u00e2ncia<\/h3>\n\n\n\n<p>Somos seres humanos \u00fanicos, e seria de extrema&nbsp;ignor\u00e2ncia querer&nbsp;que as pessoas sempre reagissem&nbsp;do jeito que gostar\u00edamos, como se elas precisassem ser guiadas e n\u00e3o tivessem vontade pr\u00f3pria e gostos diferentes dos nossos.&nbsp;A \u00fanica pessoa que voc\u00ea pode mudar \u00e9 a si mesmo. Ent\u00e3o, pratique a&nbsp;toler\u00e2ncia e a aceita\u00e7\u00e3o e viva&nbsp;de uma maneira muito mais tranquila e menos controladora. Se voc\u00ea n\u00e3o conseguir fazer isso por conta pr\u00f3pria, procure um profissional especializado e invista no autoconhecimento.<\/p>\n\n\n\n<h3 class=\"wp-block-heading\">7. Fuja do isolamento<\/h3>\n\n\n\n<p>Os momentos de solid\u00e3o s\u00e3o experi\u00eancias que devem ser vividas dentro dos seus limites, e \u00e9 preciso ter muita maturidade para lidar com eles. Por mais que voc\u00ea goste de ficar sozinho, nunca permita que isso ultrapasse\u00a0a normalidade. Para tanto, pratique a\u00a0socializa\u00e7\u00e3o,\u00a0esteja sempre por perto de pessoas que fazem bem, fa\u00e7a novos amigos e se distraia. Sua sa\u00fade emocional agradece!<\/p>\n\n\n\n<h3 class=\"wp-block-heading\">8. Cultive sonhos e objetivos<\/h3>\n\n\n\n<p>Cultivar sonhos e objetivos alimenta nossa alma, nos faz ter mais vontade de viver e provoca intensa felicidade. Ent\u00e3o, pense no que voc\u00ea deseja conquistar, anote suas metas e estabele\u00e7a alguns prazos para cumpri-las. Ocupe-se com seus sonhos e corra atr\u00e1s deles!<\/p>\n\n\n\n<p>Por fim, podemos notar que, para atingir uma plena sa\u00fade emocional, \u00e9 preciso mudar o pensamento e ser muito mais otimista. Afinal, essa quest\u00e3o est\u00e1 relacionada \u00e0 qualidade de vida, ao bem-estar e ao equil\u00edbrio da pessoa consigo e com o resto do mundo. Portanto, \u00e9 muito importante entender os sintomas do seu desequil\u00edbrio, suas complica\u00e7\u00f5es e a maneira de lidar com as poss\u00edveis adversidades.<\/p>\n\n\n\n<p>E&nbsp;a\u00ed, gostou de saber como manter uma boa sa\u00fade emocional? Ficou com alguma d\u00favida ou quer expor a sua opini\u00e3o sobre esse assunto? Ent\u00e3o, aproveite que est\u00e1 por aqui e deixe seu coment\u00e1rio abaixo!<\/p>\n","protected":false},"excerpt":{"rendered":"<p>Para ter uma melhor\u00a0qualidade de vida, \u00e9 preciso estar com a sa\u00fade em dia.\u00a0E\u00a0em rela\u00e7\u00e3o a esse assunto, n\u00e3o devemos pensar apenas numa abrang\u00eancia f\u00edsica. Muito pelo contr\u00e1rio: a sa\u00fade emocional tamb\u00e9m \u00e9 muito importante e merece aten\u00e7\u00e3o. Afinal, ela nada mais \u00e9 que um estado de bem-estar&nbsp;em que o indiv\u00edduo desenvolve&nbsp;suas pr\u00f3prias habilidades, corre [&hellip;]<\/p>\n","protected":false},"author":1,"featured_media":719,"comment_status":"closed","ping_status":"closed","sticky":false,"template":"","format":"standard","meta":{"ocean_post_layout":"","ocean_both_sidebars_style":"","ocean_both_sidebars_content_width":0,"ocean_both_sidebars_sidebars_width":0,"ocean_sidebar":"0","ocean_second_sidebar":"0","ocean_disable_margins":"enable","ocean_add_body_class":"","ocean_shortcode_before_top_bar":"","ocean_shortcode_after_top_bar":"","ocean_shortcode_before_header":"","ocean_shortcode_after_header":"","ocean_has_shortcode":"","ocean_shortcode_after_title":"","ocean_shortcode_before_footer_widgets":"","ocean_shortcode_after_footer_widgets":"","ocean_shortcode_before_footer_bottom":"","ocean_shortcode_after_footer_bottom":"","ocean_display_top_bar":"default","ocean_display_header":"default","ocean_header_style":"","ocean_center_header_left_menu":"0","ocean_custom_header_template":"0","ocean_custom_logo":0,"ocean_custom_retina_logo":0,"ocean_custom_logo_max_width":0,"ocean_custom_logo_tablet_max_width":0,"ocean_custom_logo_mobile_max_width":0,"ocean_custom_logo_max_height":0,"ocean_custom_logo_tablet_max_height":0,"ocean_custom_logo_mobile_max_height":0,"ocean_header_custom_menu":"0","ocean_menu_typo_font_family":"0","ocean_menu_typo_font_subset":"","ocean_menu_typo_font_size":0,"ocean_menu_typo_font_size_tablet":0,"ocean_menu_typo_font_size_mobile":0,"ocean_menu_typo_font_size_unit":"px","ocean_menu_typo_font_weight":"","ocean_menu_typo_font_weight_tablet":"","ocean_menu_typo_font_weight_mobile":"","ocean_menu_typo_transform":"","ocean_menu_typo_transform_tablet":"","ocean_menu_typo_transform_mobile":"","ocean_menu_typo_line_height":0,"ocean_menu_typo_line_height_tablet":0,"ocean_menu_typo_line_height_mobile":0,"ocean_menu_typo_line_height_unit":"","ocean_menu_typo_spacing":0,"ocean_menu_typo_spacing_tablet":0,"ocean_menu_typo_spacing_mobile":0,"ocean_menu_typo_spacing_unit":"","ocean_menu_link_color":"","ocean_menu_link_color_hover":"","ocean_menu_link_color_active":"","ocean_menu_link_background":"","ocean_menu_link_hover_background":"","ocean_menu_link_active_background":"","ocean_menu_social_links_bg":"","ocean_menu_social_hover_links_bg":"","ocean_menu_social_links_color":"","ocean_menu_social_hover_links_color":"","ocean_disable_title":"default","ocean_disable_heading":"default","ocean_post_title":"","ocean_post_subheading":"","ocean_post_title_style":"","ocean_post_title_background_color":"","ocean_post_title_background":0,"ocean_post_title_bg_image_position":"","ocean_post_title_bg_image_attachment":"","ocean_post_title_bg_image_repeat":"","ocean_post_title_bg_image_size":"","ocean_post_title_height":0,"ocean_post_title_bg_overlay":0.5,"ocean_post_title_bg_overlay_color":"","ocean_disable_breadcrumbs":"default","ocean_breadcrumbs_color":"","ocean_breadcrumbs_separator_color":"","ocean_breadcrumbs_links_color":"","ocean_breadcrumbs_links_hover_color":"","ocean_display_footer_widgets":"default","ocean_display_footer_bottom":"default","ocean_custom_footer_template":"0","_joinchat":[],"ocean_post_oembed":"","ocean_post_self_hosted_media":"","ocean_post_video_embed":"","ocean_link_format":"","ocean_link_format_target":"self","ocean_quote_format":"","ocean_quote_format_link":"post","ocean_gallery_link_images":"off","ocean_gallery_id":[],"footnotes":""},"categories":[26],"tags":[1083,1081],"class_list":["post-718","post","type-post","status-publish","format-standard","has-post-thumbnail","hentry","category-viver-bem","tag-fisico","tag-saude-mental-2","entry","has-media"],"_links":{"self":[{"href":"https:\/\/imeclinicacidada.com.br\/blog\/wp-json\/wp\/v2\/posts\/718","targetHints":{"allow":["GET"]}}],"collection":[{"href":"https:\/\/imeclinicacidada.com.br\/blog\/wp-json\/wp\/v2\/posts"}],"about":[{"href":"https:\/\/imeclinicacidada.com.br\/blog\/wp-json\/wp\/v2\/types\/post"}],"author":[{"embeddable":true,"href":"https:\/\/imeclinicacidada.com.br\/blog\/wp-json\/wp\/v2\/users\/1"}],"replies":[{"embeddable":true,"href":"https:\/\/imeclinicacidada.com.br\/blog\/wp-json\/wp\/v2\/comments?post=718"}],"version-history":[{"count":1,"href":"https:\/\/imeclinicacidada.com.br\/blog\/wp-json\/wp\/v2\/posts\/718\/revisions"}],"predecessor-version":[{"id":720,"href":"https:\/\/imeclinicacidada.com.br\/blog\/wp-json\/wp\/v2\/posts\/718\/revisions\/720"}],"wp:featuredmedia":[{"embeddable":true,"href":"https:\/\/imeclinicacidada.com.br\/blog\/wp-json\/wp\/v2\/media\/719"}],"wp:attachment":[{"href":"https:\/\/imeclinicacidada.com.br\/blog\/wp-json\/wp\/v2\/media?parent=718"}],"wp:term":[{"taxonomy":"category","embeddable":true,"href":"https:\/\/imeclinicacidada.com.br\/blog\/wp-json\/wp\/v2\/categories?post=718"},{"taxonomy":"post_tag","embeddable":true,"href":"https:\/\/imeclinicacidada.com.br\/blog\/wp-json\/wp\/v2\/tags?post=718"}],"curies":[{"name":"wp","href":"https:\/\/api.w.org\/{rel}","templated":true}]}}