{"id":723,"date":"2021-04-25T18:34:55","date_gmt":"2021-04-25T21:34:55","guid":{"rendered":"https:\/\/www.imeclinicacidada.com.br\/blog\/?p=723"},"modified":"2021-04-25T18:36:43","modified_gmt":"2021-04-25T21:36:43","slug":"acidente-vascular-cerebral","status":"publish","type":"post","link":"https:\/\/imeclinicacidada.com.br\/blog\/acidente-vascular-cerebral\/","title":{"rendered":"Acidente Vascular Cerebral &#8211; AVC"},"content":{"rendered":"\n<h2 class=\"wp-block-heading\">O que \u00e9 AVC?<\/h2>\n\n\n\n<p>&nbsp;O Acidente Vascular Cerebral (AVC) acontece quando vasos que levam sangue ao c\u00e9rebro entopem ou se rompem, provocando a paralisia da \u00e1rea cerebral que ficou sem circula\u00e7\u00e3o sangu\u00ednea. \u00c9 uma doen\u00e7a que acomete mais os homens e \u00e9 uma das principais causas de morte, incapacita\u00e7\u00e3o e interna\u00e7\u00f5es em todo o mundo.<\/p>\n\n\n\n<p>Quanto mais r\u00e1pido for o diagn\u00f3stico e o tratamento do AVC, maiores ser\u00e3o as chances de recupera\u00e7\u00e3o completa. Desta forma, torna-se primordial ficar atento aos sinais e sintomas e procurar atendimento m\u00e9dico imediato.<\/p>\n\n\n\n<p>Existem dois tipos de AVC, que ocorrem por motivos diferentes:<\/p>\n\n\n\n<ul class=\"wp-block-list\"><li>AVC hemorr\u00e1gico.<\/li><li>AVC isqu\u00eamico.<\/li><\/ul>\n\n\n\n<h2 class=\"wp-block-heading\">Quais os sintomas e como come\u00e7a um AVC?<\/h2>\n\n\n\n<p>&nbsp;Existem alguns sinais que o corpo d\u00e1 que ajudam a reconhecer um Acidente Vascular Cerebral.&nbsp;<\/p>\n\n\n\n<p>Os principais sinais de alerta para qualquer tipo de AVC s\u00e3o:<\/p>\n\n\n\n<ul class=\"wp-block-list\"><li>fraqueza ou formigamento na face, no bra\u00e7o ou na perna, especialmente em um lado do corpo;<\/li><li>confus\u00e3o mental;<\/li><li>altera\u00e7\u00e3o da fala ou compreens\u00e3o;<\/li><li>altera\u00e7\u00e3o na vis\u00e3o (em um ou ambos os olhos);<\/li><li>altera\u00e7\u00e3o do equil\u00edbrio, coordena\u00e7\u00e3o, tontura ou altera\u00e7\u00e3o no andar;<\/li><li>dor de cabe\u00e7a s\u00fabita, intensa, sem causa aparente.<\/li><\/ul>\n\n\n\n<p><strong>IMPORTANTE:&nbsp;<\/strong>Caso qualquer um desses sintomas apare\u00e7am, \u00e9 fundamental ligar para o Servi\u00e7o de Atendimento M\u00e9dico de Urg\u00eancia (SAMU &#8211; 192), Bombeiros (193) ou levar a pessoa imediatamente a um hospital para avalia\u00e7\u00e3o cl\u00ednica detalhada.&nbsp;<\/p>\n\n\n\n<p>Quanto mais r\u00e1pido for o atendimento, maiores ser\u00e3o as chances de sobreviv\u00eancia e recupera\u00e7\u00e3o total.<\/p>\n\n\n\n<h2 class=\"wp-block-heading\">O que \u00e9 um AVC isqu\u00eamico<\/h2>\n\n\n\n<p>&nbsp;O AVC isqu\u00eamico ocorre quando h\u00e1 obstru\u00e7\u00e3o de uma art\u00e9ria, impedindo a passagem de oxig\u00eanio para c\u00e9lulas cerebrais, que acabam morrendo. Essa obstru\u00e7\u00e3o pode acontecer devido a um trombo (trombose) ou a um \u00eambolo (embolia). O AVC isqu\u00eamico \u00e9 o mais comum e&nbsp;<strong>representa 85% de todos os casos.<\/strong><\/p>\n\n\n\n<h2 class=\"wp-block-heading\">O que \u00e9 um AVC hemorr\u00e1gico<\/h2>\n\n\n\n<p>&nbsp;O AVC hemorr\u00e1gico ocorre quando h\u00e1 rompimento de um vaso cerebral, provocando hemorragia. Esta hemorragia pode acontecer dentro do tecido cerebral ou na superf\u00edcie entre o c\u00e9rebro e a meninge. \u00c9 respons\u00e1vel por&nbsp;<strong>15% de todos os casos de AVC<\/strong>, mas pode causar a morte com mais frequ\u00eancia do que o AVC isqu\u00eamico.<\/p>\n\n\n\n<h2 class=\"wp-block-heading\">Quais os principais fatores de risco para desenvolver um AVC?<\/h2>\n\n\n\n<p>&nbsp;Existem diversos fatores que aumente a probabilidade de ocorr\u00eancia de um AVC, seja ele hemorr\u00e1gico ou isqu\u00eamico. Os principais fatores causais das doen\u00e7as s\u00e3o:<\/p>\n\n\n\n<ul class=\"wp-block-list\"><li>Hipertens\u00e3o;<\/li><li>Diabetes tipo 2;<\/li><li>Colesterol alto;<\/li><li>Sobrepeso;<\/li><li>Obesidade;<\/li><li>Tabagismo;<\/li><li>Uso excessivo de \u00e1lcool;<\/li><li>Idade avan\u00e7ada;<\/li><li>Sedentarismo;<\/li><li>Uso de drogas il\u00edcitas;<\/li><li>Hist\u00f3rico familiar;<\/li><li>Ser do sexo masculino.<\/li><\/ul>\n\n\n\n<h2 class=\"wp-block-heading\">O que causa o AVC hemorr\u00e1gico?<\/h2>\n\n\n\n<p>&nbsp;O&nbsp;<strong>AVC hemorr\u00e1gico<\/strong>&nbsp;tem como causa, principalmente, a press\u00e3o alta descontrolada e a ruptura de um aneurisma. No entanto, tamb\u00e9m pode ser provocado por outros fatores, como:<\/p>\n\n\n\n<ul class=\"wp-block-list\"><li>Hemofilia ou outros dist\u00farbios coagula\u00e7\u00e3o do sangue;<\/li><li>Ferimentos na cabe\u00e7a ou no pesco\u00e7o;<\/li><li>Tratamento com radia\u00e7\u00e3o para c\u00e2ncer no pesco\u00e7o ou c\u00e9rebro;<\/li><li>Arritmias card\u00edacas;<\/li><li>Doen\u00e7as das v\u00e1lvulas card\u00edacas;<\/li><li>Defeitos card\u00edacos cong\u00eanitos;<\/li><li>Vasculite (inflama\u00e7\u00e3o dos vasos sangu\u00edneos), que pode ser provocada por infec\u00e7\u00f5es a partir de doen\u00e7as como s\u00edfilis, doen\u00e7a de Lyme, vasculite e tuberculose;<\/li><li>Insufici\u00eancia card\u00edaca;<\/li><li>Infarto agudo do mioc\u00e1rdio.<\/li><\/ul>\n\n\n\n<h2 class=\"wp-block-heading\">O que causa o AVC isqu\u00eamico?<\/h2>\n\n\n\n<p>&nbsp;O AVC isqu\u00eamico se divide em quatro subgrupos, com causas distintas:<\/p>\n\n\n\n<ul class=\"wp-block-list\"><li><strong>AVC isqu\u00eamico aterotromb\u00f3tico<\/strong>: provocado por doen\u00e7a que causa forma\u00e7\u00e3o de placas nos vasos sangu\u00edneos maiores (aterosclerose), provocando a oclus\u00e3o do vaso sangu\u00edneo ou forma\u00e7\u00e3o de \u00eambolos.&nbsp;<\/li><li><strong>AVC isqu\u00eamico cardioemb\u00f3lico<\/strong>: ocorre quando o \u00eambolo causador do derrame parte do cora\u00e7\u00e3o.<\/li><li><strong>AVC isqu\u00eamico de outra etiologia<\/strong>: \u00e9 mais comum em pessoas jovens e pode estar relacionado a dist\u00farbios de coagula\u00e7\u00e3o no sangue.<\/li><li><strong>AVC isqu\u00eamico criptog\u00eanico<\/strong>: ocorre quando a causa do AVC isqu\u00eamico n\u00e3o foi identificada, mesmo ap\u00f3s investiga\u00e7\u00e3o detalhada pela equipe m\u00e9dica.<\/li><\/ul>\n\n\n\n<h2 class=\"wp-block-heading\">Como prevenir o AVC?<\/h2>\n\n\n\n<p>&nbsp;Muitos fatores de risco contribuem para o aparecimento de um AVC e de outras doen\u00e7as cr\u00f4nicas, como c\u00e2ncer e diabetes. Alguns desses fatores n\u00e3o podem ser modificados, como a idade, a ra\u00e7a, a constitui\u00e7\u00e3o gen\u00e9tica e o sexo. Outros fatores, entretanto, dependem apenas da pessoa e s\u00e3o os principais para prevenir essas doen\u00e7as.<\/p>\n\n\n\n<ul class=\"wp-block-list\"><li>N\u00e3o fumar;<\/li><li>N\u00e3o consumir \u00e1lcool;<\/li><li>N\u00e3o fazer uso de drogas il\u00edcitas;<\/li><li>Manter alimenta\u00e7\u00e3o saud\u00e1vel;<\/li><li>Manter o peso ideal;<\/li><li>Beber bastante \u00e1gua;<\/li><li>Praticar atividades f\u00edsicas regularmente;<\/li><li>Manter a press\u00e3o sob controle;<\/li><li>Manter a glicose sob controle.<\/li><\/ul>\n\n\n\n<p>A adequa\u00e7\u00e3o dos h\u00e1bitos de vida di\u00e1ria \u00e9 primordial para a preven\u00e7\u00e3o do AVC.<\/p>\n\n\n\n<p>No \u00e2mbito da rede p\u00fablica de sa\u00fade, o Minist\u00e9rio da Sa\u00fade investe em a\u00e7\u00f5es para a promo\u00e7\u00e3o da sa\u00fade como o\u00a0Programa Academia da Sa\u00fade, que trabalha pr\u00e1ticas corporais e atividade f\u00edsica por meio da implanta\u00e7\u00e3o de polos. H\u00e1 tamb\u00e9m o\u00a0Guia Alimentar para a Popula\u00e7\u00e3o Brasileira, que d\u00e1 orienta\u00e7\u00f5es sobre os cuidados e caminhos para alcan\u00e7ar uma alimenta\u00e7\u00e3o saud\u00e1vel, saborosa e balanceada, evitando o desenvolvimento de doen\u00e7as cr\u00f4nicas, como o AVC.<\/p>\n\n\n\n<p>Para complementar o Guia, foi lan\u00e7ada a publica\u00e7\u00e3o\u00a0Alimentos Regionais Brasileiros, que divulga a variedade de alimentos no pa\u00eds e orienta as pr\u00e1ticas culin\u00e1rias, estimulando a valoriza\u00e7\u00e3o da cultura alimentar brasileira. Ainda sobre alimenta\u00e7\u00e3o e nutri\u00e7\u00e3o, a pasta lan\u00e7ou o\u00a0Plano Nacional de Redu\u00e7\u00e3o de S\u00f3dio em Alimentos Processados\u00a0com a meta de tirar 28.562 toneladas de s\u00f3dio dos alimentos processados at\u00e9 2020. Com esta a\u00e7\u00e3o, espera-se que haja a redu\u00e7\u00e3o em 15% os \u00f3bitos por AVC e 10% por infarto.<\/p>\n\n\n\n<h2 class=\"wp-block-heading\">Diagn\u00f3stico do AVC<\/h2>\n\n\n\n<p>&nbsp;O diagn\u00f3stico do AVC \u00e9 feito por meio de exames de imagem, que permitem identificar a \u00e1rea do c\u00e9rebro afetada e o tipo do derrame cerebral. Tomografia computadorizada de cr\u00e2nio \u00e9 o m\u00e9todo de imagem mais utilizado para a avalia\u00e7\u00e3o inicial do AVC isqu\u00eamico agudo, demonstrando sinais precoces de isquemia.&nbsp;<\/p>\n\n\n\n<p>Assim que o paciente chega ao hospital, entre os cuidados cl\u00ednicos de emerg\u00eancia est\u00e3o:<\/p>\n\n\n\n<ul class=\"wp-block-list\"><li>Verificar os sinais vitais, como press\u00e3o arterial e temperatura.<\/li><li>Checar a glicemia.<\/li><li>Colocar a pessoa deitada, exceto se houver v\u00f4mitos.<\/li><li>Colocar acesso venoso no bra\u00e7o que n\u00e3o estiver paralisado.<\/li><li>Administrar oxig\u00eanio, caso a pessoa precise.<\/li><li>Determinar o hor\u00e1rio de in\u00edcio dos sintomas por meio de question\u00e1rio ao paciente ou acompanhante.<\/li><\/ul>\n\n\n\n<p>Os procedimentos com finalidade diagn\u00f3stica em neurologia est\u00e3o contemplados no Sistema \u00danico de Sa\u00fade &#8211; SUS.<\/p>\n\n\n\n<h2 class=\"wp-block-heading\">Tratamento e reabilita\u00e7\u00e3o do AVC<\/h2>\n\n\n\n<p>&nbsp;O tratamento do AVC \u00e9 feito nos Centros de Atendimento de Urg\u00eancia, que s\u00e3o os estabelecimentos hospitalares que desempenham o papel de refer\u00eancia para atendimento aos pacientes com AVC. Essas unidades de sa\u00fade disponibilizam e realizam o procedimento com o uso de trombol\u00edtico, conforme Protocolo Cl\u00ednico e Diretrizes Terap\u00eauticas (PCDT) espec\u00edfico.<\/p>\n\n\n\n<p>A reabilita\u00e7\u00e3o pode ser feita nos Centros Especializados em Reabilita\u00e7\u00e3o (CERS). A melhor forma de tratamento, atendimento e reabilita\u00e7\u00e3o, que podem contar inclusive com medicamentos, devem ser prescritos por m\u00e9dico profissional e especialista, conforme cada caso.<\/p>\n\n\n\n<p><strong>Fonte:<\/strong> <a href=\"https:\/\/www.gov.br\/saude\/pt-br\/assuntos\/saude-de-a-a-z-1\/a\/avc-o-que-e-causas-sintomas-tratamentos-diagnostico-e-prevencao\" target=\"_blank\" rel=\"noreferrer noopener\">Minist\u00e9rio da Sa\u00fade<\/a><\/p>\n","protected":false},"excerpt":{"rendered":"<p>O que \u00e9 AVC? &nbsp;O Acidente Vascular Cerebral (AVC) acontece quando vasos que levam sangue ao c\u00e9rebro entopem ou se rompem, provocando a paralisia da \u00e1rea cerebral que ficou sem circula\u00e7\u00e3o sangu\u00ednea. \u00c9 uma doen\u00e7a que acomete mais os homens e \u00e9 uma das principais causas de morte, incapacita\u00e7\u00e3o e interna\u00e7\u00f5es em todo o mundo. [&hellip;]<\/p>\n","protected":false},"author":1,"featured_media":724,"comment_status":"closed","ping_status":"closed","sticky":false,"template":"","format":"standard","meta":{"ocean_post_layout":"","ocean_both_sidebars_style":"","ocean_both_sidebars_content_width":0,"ocean_both_sidebars_sidebars_width":0,"ocean_sidebar":"0","ocean_second_sidebar":"0","ocean_disable_margins":"enable","ocean_add_body_class":"","ocean_shortcode_before_top_bar":"","ocean_shortcode_after_top_bar":"","ocean_shortcode_before_header":"","ocean_shortcode_after_header":"","ocean_has_shortcode":"","ocean_shortcode_after_title":"","ocean_shortcode_before_footer_widgets":"","ocean_shortcode_after_footer_widgets":"","ocean_shortcode_before_footer_bottom":"","ocean_shortcode_after_footer_bottom":"","ocean_display_top_bar":"default","ocean_display_header":"default","ocean_header_style":"","ocean_center_header_left_menu":"0","ocean_custom_header_template":"0","ocean_custom_logo":0,"ocean_custom_retina_logo":0,"ocean_custom_logo_max_width":0,"ocean_custom_logo_tablet_max_width":0,"ocean_custom_logo_mobile_max_width":0,"ocean_custom_logo_max_height":0,"ocean_custom_logo_tablet_max_height":0,"ocean_custom_logo_mobile_max_height":0,"ocean_header_custom_menu":"0","ocean_menu_typo_font_family":"0","ocean_menu_typo_font_subset":"","ocean_menu_typo_font_size":0,"ocean_menu_typo_font_size_tablet":0,"ocean_menu_typo_font_size_mobile":0,"ocean_menu_typo_font_size_unit":"px","ocean_menu_typo_font_weight":"","ocean_menu_typo_font_weight_tablet":"","ocean_menu_typo_font_weight_mobile":"","ocean_menu_typo_transform":"","ocean_menu_typo_transform_tablet":"","ocean_menu_typo_transform_mobile":"","ocean_menu_typo_line_height":0,"ocean_menu_typo_line_height_tablet":0,"ocean_menu_typo_line_height_mobile":0,"ocean_menu_typo_line_height_unit":"","ocean_menu_typo_spacing":0,"ocean_menu_typo_spacing_tablet":0,"ocean_menu_typo_spacing_mobile":0,"ocean_menu_typo_spacing_unit":"","ocean_menu_link_color":"","ocean_menu_link_color_hover":"","ocean_menu_link_color_active":"","ocean_menu_link_background":"","ocean_menu_link_hover_background":"","ocean_menu_link_active_background":"","ocean_menu_social_links_bg":"","ocean_menu_social_hover_links_bg":"","ocean_menu_social_links_color":"","ocean_menu_social_hover_links_color":"","ocean_disable_title":"default","ocean_disable_heading":"default","ocean_post_title":"","ocean_post_subheading":"","ocean_post_title_style":"","ocean_post_title_background_color":"","ocean_post_title_background":0,"ocean_post_title_bg_image_position":"","ocean_post_title_bg_image_attachment":"","ocean_post_title_bg_image_repeat":"","ocean_post_title_bg_image_size":"","ocean_post_title_height":0,"ocean_post_title_bg_overlay":0.5,"ocean_post_title_bg_overlay_color":"","ocean_disable_breadcrumbs":"default","ocean_breadcrumbs_color":"","ocean_breadcrumbs_separator_color":"","ocean_breadcrumbs_links_color":"","ocean_breadcrumbs_links_hover_color":"","ocean_display_footer_widgets":"default","ocean_display_footer_bottom":"default","ocean_custom_footer_template":"0","_joinchat":[],"ocean_post_oembed":"","ocean_post_self_hosted_media":"","ocean_post_video_embed":"","ocean_link_format":"","ocean_link_format_target":"self","ocean_quote_format":"","ocean_quote_format_link":"post","ocean_gallery_link_images":"off","ocean_gallery_id":[],"footnotes":""},"categories":[134],"tags":[1084,1086],"class_list":["post-723","post","type-post","status-publish","format-standard","has-post-thumbnail","hentry","category-neurologia","tag-avc","tag-neurologia","entry","has-media"],"_links":{"self":[{"href":"https:\/\/imeclinicacidada.com.br\/blog\/wp-json\/wp\/v2\/posts\/723","targetHints":{"allow":["GET"]}}],"collection":[{"href":"https:\/\/imeclinicacidada.com.br\/blog\/wp-json\/wp\/v2\/posts"}],"about":[{"href":"https:\/\/imeclinicacidada.com.br\/blog\/wp-json\/wp\/v2\/types\/post"}],"author":[{"embeddable":true,"href":"https:\/\/imeclinicacidada.com.br\/blog\/wp-json\/wp\/v2\/users\/1"}],"replies":[{"embeddable":true,"href":"https:\/\/imeclinicacidada.com.br\/blog\/wp-json\/wp\/v2\/comments?post=723"}],"version-history":[{"count":1,"href":"https:\/\/imeclinicacidada.com.br\/blog\/wp-json\/wp\/v2\/posts\/723\/revisions"}],"predecessor-version":[{"id":725,"href":"https:\/\/imeclinicacidada.com.br\/blog\/wp-json\/wp\/v2\/posts\/723\/revisions\/725"}],"wp:featuredmedia":[{"embeddable":true,"href":"https:\/\/imeclinicacidada.com.br\/blog\/wp-json\/wp\/v2\/media\/724"}],"wp:attachment":[{"href":"https:\/\/imeclinicacidada.com.br\/blog\/wp-json\/wp\/v2\/media?parent=723"}],"wp:term":[{"taxonomy":"category","embeddable":true,"href":"https:\/\/imeclinicacidada.com.br\/blog\/wp-json\/wp\/v2\/categories?post=723"},{"taxonomy":"post_tag","embeddable":true,"href":"https:\/\/imeclinicacidada.com.br\/blog\/wp-json\/wp\/v2\/tags?post=723"}],"curies":[{"name":"wp","href":"https:\/\/api.w.org\/{rel}","templated":true}]}}