{"id":731,"date":"2021-05-18T20:16:55","date_gmt":"2021-05-18T23:16:55","guid":{"rendered":"https:\/\/www.imeclinicacidada.com.br\/blog\/?p=731"},"modified":"2021-05-18T20:16:59","modified_gmt":"2021-05-18T23:16:59","slug":"alergia-emocional","status":"publish","type":"post","link":"https:\/\/imeclinicacidada.com.br\/blog\/alergia-emocional\/","title":{"rendered":"Alergia Emocional"},"content":{"rendered":"\n<p>A alergia emocional \u00e9 uma condi\u00e7\u00e3o que aparece quando as c\u00e9lulas de defesa do corpo reagem diante de situa\u00e7\u00f5es que geram estresse e ansiedade, levando a altera\u00e7\u00f5es em diferentes \u00f3rg\u00e3os do corpo, principalmente na pele. Por isso, os sintomas deste tipo de alergia s\u00e3o mais vis\u00edveis na pele, como coceira, vermelhid\u00e3o e surgimento de urtic\u00e1ria, no entanto, podem surgir falta de ar e ins\u00f4nia.<\/p>\n\n\n\n<p>As causas da alergia emocional n\u00e3o est\u00e3o bem definidas, mas podem acontecer porque o estresse e a ansiedade aumentam a produ\u00e7\u00e3o de algumas subst\u00e2ncias, chamadas de catecolaminas, e faz com que ocorra a libera\u00e7\u00e3o do horm\u00f4nio cortisol, e isto provoca uma rea\u00e7\u00e3o inflamat\u00f3ria no corpo.<\/p>\n\n\n\n<p>Estudos dermatol\u00f3gicos apontam que 40% dos pacientes que apresentam alguma doen\u00e7a de pele t\u00eam algum problema emocional.<\/p>\n\n\n\n<p>A falta de consci\u00eancia e de a\u00e7\u00e3o podem piorar ainda mais as coisas, uma vez que dar for\u00e7a a sentimentos negativos pode fazer com que eles acabem se tornando constantes.<\/p>\n\n\n\n<h2 class=\"wp-block-heading\">Sintomas da alergia emocional:<\/h2>\n\n\n\n<p>Irrita\u00e7\u00e3o na pele;<\/p>\n\n\n\n<p>Incha\u00e7o da epiderme;<\/p>\n\n\n\n<p>Coceira intensa;<\/p>\n\n\n\n<p>Vermelhid\u00e3o ou ard\u00eancia.<\/p>\n\n\n\n<h2 class=\"wp-block-heading\">Dicas para se proteger de doen\u00e7as emocionais<\/h2>\n\n\n\n<p>Aprenda a controlar o estresse e a press\u00e3o, adotando uma vida equilibrada e saud\u00e1vel;<\/p>\n\n\n\n<p>Aprenda a lidar com suas emo\u00e7\u00f5es. Medo, tristeza, raiva, culpa, m\u00e1goa, frustra\u00e7\u00e3o e sentimento de rejei\u00e7\u00e3o, ocupam espa\u00e7os no corpo f\u00edsico e mental. Quando se acumulam, o corpo encontra formas de manifestar os problemas por meio de doen\u00e7as;<\/p>\n\n\n\n<p>Conhe\u00e7a sua hist\u00f3ria de vida e descubra quais padr\u00f5es fazem voc\u00ea adoecer. Ressignifique as hist\u00f3rias de dor com terapia;<\/p>\n\n\n\n<p>Conhe\u00e7a a hist\u00f3ria de vida dos seus pais, de modo a compreender tudo de positivo e negativo que eles transmitiram a voc\u00ea. Devolva a eles tudo o que n\u00e3o \u00e9 seu;<\/p>\n\n\n\n<p>Relacione sua doen\u00e7a com a parte do corpo ou fun\u00e7\u00e3o afetada, percebendo o que ela quer sinalizar. Exemplo: uma dor de garganta pode significar que voc\u00ea engoliu alguma situa\u00e7\u00e3o indesej\u00e1vel ou deixou de falar algo que estava entalado;<\/p>\n\n\n\n<p>Fa\u00e7a por voc\u00ea o que faz pelos outros: cuide-se e aprenda a pedir ajuda, colocando-se sempre em primeiro lugar;<\/p>\n\n\n\n<p>Reveja seus traumas, perdoe as pessoas que lhe machucaram e liberte-se das m\u00e1goas do passado;<\/p>\n","protected":false},"excerpt":{"rendered":"<p>A alergia emocional \u00e9 uma condi\u00e7\u00e3o que aparece quando as c\u00e9lulas de defesa do corpo reagem diante de situa\u00e7\u00f5es que geram estresse e ansiedade, levando a altera\u00e7\u00f5es em diferentes \u00f3rg\u00e3os do corpo, principalmente na pele. Por isso, os sintomas deste tipo de alergia s\u00e3o mais vis\u00edveis na pele, como coceira, vermelhid\u00e3o e surgimento de urtic\u00e1ria, [&hellip;]<\/p>\n","protected":false},"author":1,"featured_media":732,"comment_status":"closed","ping_status":"closed","sticky":false,"template":"","format":"standard","meta":{"ocean_post_layout":"","ocean_both_sidebars_style":"","ocean_both_sidebars_content_width":0,"ocean_both_sidebars_sidebars_width":0,"ocean_sidebar":"0","ocean_second_sidebar":"0","ocean_disable_margins":"enable","ocean_add_body_class":"","ocean_shortcode_before_top_bar":"","ocean_shortcode_after_top_bar":"","ocean_shortcode_before_header":"","ocean_shortcode_after_header":"","ocean_has_shortcode":"","ocean_shortcode_after_title":"","ocean_shortcode_before_footer_widgets":"","ocean_shortcode_after_footer_widgets":"","ocean_shortcode_before_footer_bottom":"","ocean_shortcode_after_footer_bottom":"","ocean_display_top_bar":"default","ocean_display_header":"default","ocean_header_style":"","ocean_center_header_left_menu":"0","ocean_custom_header_template":"0","ocean_custom_logo":0,"ocean_custom_retina_logo":0,"ocean_custom_logo_max_width":0,"ocean_custom_logo_tablet_max_width":0,"ocean_custom_logo_mobile_max_width":0,"ocean_custom_logo_max_height":0,"ocean_custom_logo_tablet_max_height":0,"ocean_custom_logo_mobile_max_height":0,"ocean_header_custom_menu":"0","ocean_menu_typo_font_family":"0","ocean_menu_typo_font_subset":"","ocean_menu_typo_font_size":0,"ocean_menu_typo_font_size_tablet":0,"ocean_menu_typo_font_size_mobile":0,"ocean_menu_typo_font_size_unit":"px","ocean_menu_typo_font_weight":"","ocean_menu_typo_font_weight_tablet":"","ocean_menu_typo_font_weight_mobile":"","ocean_menu_typo_transform":"","ocean_menu_typo_transform_tablet":"","ocean_menu_typo_transform_mobile":"","ocean_menu_typo_line_height":0,"ocean_menu_typo_line_height_tablet":0,"ocean_menu_typo_line_height_mobile":0,"ocean_menu_typo_line_height_unit":"","ocean_menu_typo_spacing":0,"ocean_menu_typo_spacing_tablet":0,"ocean_menu_typo_spacing_mobile":0,"ocean_menu_typo_spacing_unit":"","ocean_menu_link_color":"","ocean_menu_link_color_hover":"","ocean_menu_link_color_active":"","ocean_menu_link_background":"","ocean_menu_link_hover_background":"","ocean_menu_link_active_background":"","ocean_menu_social_links_bg":"","ocean_menu_social_hover_links_bg":"","ocean_menu_social_links_color":"","ocean_menu_social_hover_links_color":"","ocean_disable_title":"default","ocean_disable_heading":"default","ocean_post_title":"","ocean_post_subheading":"","ocean_post_title_style":"","ocean_post_title_background_color":"","ocean_post_title_background":0,"ocean_post_title_bg_image_position":"","ocean_post_title_bg_image_attachment":"","ocean_post_title_bg_image_repeat":"","ocean_post_title_bg_image_size":"","ocean_post_title_height":0,"ocean_post_title_bg_overlay":0.5,"ocean_post_title_bg_overlay_color":"","ocean_disable_breadcrumbs":"default","ocean_breadcrumbs_color":"","ocean_breadcrumbs_separator_color":"","ocean_breadcrumbs_links_color":"","ocean_breadcrumbs_links_hover_color":"","ocean_display_footer_widgets":"default","ocean_display_footer_bottom":"default","ocean_custom_footer_template":"0","_joinchat":[],"ocean_post_oembed":"","ocean_post_self_hosted_media":"","ocean_post_video_embed":"","ocean_link_format":"","ocean_link_format_target":"self","ocean_quote_format":"","ocean_quote_format_link":"post","ocean_gallery_link_images":"off","ocean_gallery_id":[],"footnotes":""},"categories":[765],"tags":[771],"class_list":["post-731","post","type-post","status-publish","format-standard","has-post-thumbnail","hentry","category-dermatologia","tag-dermatologia","entry","has-media"],"_links":{"self":[{"href":"https:\/\/imeclinicacidada.com.br\/blog\/wp-json\/wp\/v2\/posts\/731","targetHints":{"allow":["GET"]}}],"collection":[{"href":"https:\/\/imeclinicacidada.com.br\/blog\/wp-json\/wp\/v2\/posts"}],"about":[{"href":"https:\/\/imeclinicacidada.com.br\/blog\/wp-json\/wp\/v2\/types\/post"}],"author":[{"embeddable":true,"href":"https:\/\/imeclinicacidada.com.br\/blog\/wp-json\/wp\/v2\/users\/1"}],"replies":[{"embeddable":true,"href":"https:\/\/imeclinicacidada.com.br\/blog\/wp-json\/wp\/v2\/comments?post=731"}],"version-history":[{"count":1,"href":"https:\/\/imeclinicacidada.com.br\/blog\/wp-json\/wp\/v2\/posts\/731\/revisions"}],"predecessor-version":[{"id":733,"href":"https:\/\/imeclinicacidada.com.br\/blog\/wp-json\/wp\/v2\/posts\/731\/revisions\/733"}],"wp:featuredmedia":[{"embeddable":true,"href":"https:\/\/imeclinicacidada.com.br\/blog\/wp-json\/wp\/v2\/media\/732"}],"wp:attachment":[{"href":"https:\/\/imeclinicacidada.com.br\/blog\/wp-json\/wp\/v2\/media?parent=731"}],"wp:term":[{"taxonomy":"category","embeddable":true,"href":"https:\/\/imeclinicacidada.com.br\/blog\/wp-json\/wp\/v2\/categories?post=731"},{"taxonomy":"post_tag","embeddable":true,"href":"https:\/\/imeclinicacidada.com.br\/blog\/wp-json\/wp\/v2\/tags?post=731"}],"curies":[{"name":"wp","href":"https:\/\/api.w.org\/{rel}","templated":true}]}}