{"id":815,"date":"2021-09-28T16:01:46","date_gmt":"2021-09-28T19:01:46","guid":{"rendered":"https:\/\/www.imeclinicacidada.com.br\/blog\/?p=815"},"modified":"2021-09-28T16:02:29","modified_gmt":"2021-09-28T19:02:29","slug":"envelheca-com-saude","status":"publish","type":"post","link":"https:\/\/imeclinicacidada.com.br\/blog\/envelheca-com-saude\/","title":{"rendered":"Envelhe\u00e7a com sa\u00fade"},"content":{"rendered":"\n<p>Quer coisa melhor do que chegar \u00e0 terceira idade bem de sa\u00fade? Pois para conseguir esse bem-estar \u00e9 preciso incluir na rotina uma alimenta\u00e7\u00e3o saud\u00e1vel, praticar atividades f\u00edsicas, estar em dia com as vacinas e identificar precocemente doen\u00e7as como hipertens\u00e3o e diabetes. <\/p>\n\n\n\n<p>\u00c9 o que aconselha o Minist\u00e9rio da Sa\u00fade.<\/p>\n\n\n\n<p>A Sociedade Brasileira de Geriatria e Gerontologia lista uma s\u00e9rie de cuidados que o idoso deve ter para manter a sa\u00fade em dia.<br>Entre eles est\u00e3o: manter o peso para evitar a obesidade, n\u00e3o fumar, fazer ingest\u00e3o adequada de vitaminas, controlar a glicemia e procurar fazer o que gosta al\u00e9m de evitar o isolamento e a solid\u00e3o.<\/p>\n\n\n\n<p>Dados do Minist\u00e9rio da Sa\u00fade afirmam que o Brasil tem a quinta maior popula\u00e7\u00e3o idosa do mundo. Isso representa cerca de 28 milh\u00f5es de pessoas com 60 anos ou mais. E a tend\u00eancia \u00e9 aumentar, j\u00e1 que estimativas apontam quem em 2030 o n\u00famero de brasileiros nesta faixa et\u00e1ria vai ultrapassar o de crian\u00e7as de 0 a 14 anos de idade.<\/p>\n\n\n\n<p><strong>Acompanhamento m\u00e9dico<\/strong><\/p>\n\n\n\n<p>\u00c9 aconselh\u00e1vel ter sempre um m\u00e9dico de confian\u00e7a. Deixe que ele, que cada vez mais conhece voc\u00ea, seu organismo, sua fam\u00edlia, oriente seus tratamentos e, quando necess\u00e1rio, far\u00e1 a indica\u00e7\u00e3o de outros profissionais. Crian\u00e7a n\u00e3o tem acompanhamento de um pediatra? Portanto, o idoso precisa ser acompanhado por um geriatra.<\/p>\n\n\n\n<p><strong>Alimenta\u00e7\u00e3o<\/strong><\/p>\n\n\n\n<p>A m\u00e1 alimenta\u00e7\u00e3o associada ao sedentarismo e\/ou ao consumo de cigarro e \u00e1lcool colabora muito para o aparecimento de doen\u00e7as cr\u00f4nicas n\u00e3o transmiss\u00edveis como o infarto, o acidente vascular cerebral, diabetes e hipertens\u00e3o. Por isso, o ideal \u00e9 priorizar os alimentos crus, cozidos e assados, abolindo a fritura. Coma molho de tomate, chocolate amargo, alho e cebola e o consumo de carne \u00e9 importante, desde que seja carne magra.<\/p>\n\n\n\n<p><strong>Exerc\u00edcios<\/strong><\/p>\n\n\n\n<p>Na hora de fazer uma atividade f\u00edsica procure fazer o que gosta. Caminhar a passos r\u00e1pidos, entre 30 minutos \u00e0 uma hora por dia melhora o condicionamento cardiorrespirat\u00f3rio. Procure atividades que colaborem para um conv\u00edvio social, pois o ideal \u00e9 fugir da solid\u00e3o.<\/p>\n\n\n\n<p><strong>Caderneta em dia<\/strong><\/p>\n\n\n\n<p>A popula\u00e7\u00e3o idosa tem \u00e0 sua disposi\u00e7\u00e3o cinco tipos de vacinas: hepatite B, febre amarela, dT (difteria e t\u00e9tano), influenza e pneumoc\u00f3cica 23 (esta \u00e9 para pessoas idosas que vivem em casas geri\u00e1tricas, asilos etc).<\/p>\n\n\n\n<p><strong>Descanso<\/strong><\/p>\n\n\n\n<p>Dormir bem \u00e9 essencial. Para isso, repouse de seis a oito horas por dia. Mas as f\u00e9rias tamb\u00e9m s\u00e3o muito importantes para o corpo e para a mente. Fuja da rotina di\u00e1ria.<\/p>\n\n\n\n<p><br><strong>IMPORTANTE: Somente m\u00e9dicos e cirurgi\u00f5es devidamente habilitados podem diagnosticar doen\u00e7as, indicar tratamentos e receitar rem\u00e9dios. As informa\u00e7\u00f5es dispon\u00edveis acima possuem apenas car\u00e1ter educativo.<\/strong><\/p>\n\n\n\n<p><strong>Fonte<\/strong>: Sociedade Brasileira de Geriatria e Gerontologia<\/p>\n","protected":false},"excerpt":{"rendered":"<p>Quer coisa melhor do que chegar \u00e0 terceira idade bem de sa\u00fade? Pois para conseguir esse bem-estar \u00e9 preciso incluir na rotina uma alimenta\u00e7\u00e3o saud\u00e1vel, praticar atividades f\u00edsicas, estar em dia com as vacinas e identificar precocemente doen\u00e7as como hipertens\u00e3o e diabetes. \u00c9 o que aconselha o Minist\u00e9rio da Sa\u00fade. A Sociedade Brasileira de Geriatria [&hellip;]<\/p>\n","protected":false},"author":1,"featured_media":816,"comment_status":"closed","ping_status":"closed","sticky":false,"template":"","format":"standard","meta":{"ocean_post_layout":"","ocean_both_sidebars_style":"","ocean_both_sidebars_content_width":0,"ocean_both_sidebars_sidebars_width":0,"ocean_sidebar":"0","ocean_second_sidebar":"0","ocean_disable_margins":"enable","ocean_add_body_class":"","ocean_shortcode_before_top_bar":"","ocean_shortcode_after_top_bar":"","ocean_shortcode_before_header":"","ocean_shortcode_after_header":"","ocean_has_shortcode":"","ocean_shortcode_after_title":"","ocean_shortcode_before_footer_widgets":"","ocean_shortcode_after_footer_widgets":"","ocean_shortcode_before_footer_bottom":"","ocean_shortcode_after_footer_bottom":"","ocean_display_top_bar":"default","ocean_display_header":"default","ocean_header_style":"","ocean_center_header_left_menu":"0","ocean_custom_header_template":"0","ocean_custom_logo":0,"ocean_custom_retina_logo":0,"ocean_custom_logo_max_width":0,"ocean_custom_logo_tablet_max_width":0,"ocean_custom_logo_mobile_max_width":0,"ocean_custom_logo_max_height":0,"ocean_custom_logo_tablet_max_height":0,"ocean_custom_logo_mobile_max_height":0,"ocean_header_custom_menu":"0","ocean_menu_typo_font_family":"0","ocean_menu_typo_font_subset":"","ocean_menu_typo_font_size":0,"ocean_menu_typo_font_size_tablet":0,"ocean_menu_typo_font_size_mobile":0,"ocean_menu_typo_font_size_unit":"px","ocean_menu_typo_font_weight":"","ocean_menu_typo_font_weight_tablet":"","ocean_menu_typo_font_weight_mobile":"","ocean_menu_typo_transform":"","ocean_menu_typo_transform_tablet":"","ocean_menu_typo_transform_mobile":"","ocean_menu_typo_line_height":0,"ocean_menu_typo_line_height_tablet":0,"ocean_menu_typo_line_height_mobile":0,"ocean_menu_typo_line_height_unit":"","ocean_menu_typo_spacing":0,"ocean_menu_typo_spacing_tablet":0,"ocean_menu_typo_spacing_mobile":0,"ocean_menu_typo_spacing_unit":"","ocean_menu_link_color":"","ocean_menu_link_color_hover":"","ocean_menu_link_color_active":"","ocean_menu_link_background":"","ocean_menu_link_hover_background":"","ocean_menu_link_active_background":"","ocean_menu_social_links_bg":"","ocean_menu_social_hover_links_bg":"","ocean_menu_social_links_color":"","ocean_menu_social_hover_links_color":"","ocean_disable_title":"default","ocean_disable_heading":"default","ocean_post_title":"","ocean_post_subheading":"","ocean_post_title_style":"","ocean_post_title_background_color":"","ocean_post_title_background":0,"ocean_post_title_bg_image_position":"","ocean_post_title_bg_image_attachment":"","ocean_post_title_bg_image_repeat":"","ocean_post_title_bg_image_size":"","ocean_post_title_height":0,"ocean_post_title_bg_overlay":0.5,"ocean_post_title_bg_overlay_color":"","ocean_disable_breadcrumbs":"default","ocean_breadcrumbs_color":"","ocean_breadcrumbs_separator_color":"","ocean_breadcrumbs_links_color":"","ocean_breadcrumbs_links_hover_color":"","ocean_display_footer_widgets":"default","ocean_display_footer_bottom":"default","ocean_custom_footer_template":"0","_joinchat":[],"ocean_post_oembed":"","ocean_post_self_hosted_media":"","ocean_post_video_embed":"","ocean_link_format":"","ocean_link_format_target":"self","ocean_quote_format":"","ocean_quote_format_link":"post","ocean_gallery_link_images":"off","ocean_gallery_id":[],"footnotes":""},"categories":[1096,31],"tags":[1097],"class_list":["post-815","post","type-post","status-publish","format-standard","has-post-thumbnail","hentry","category-geriatria","category-saude-idoso","tag-geriatria","entry","has-media"],"_links":{"self":[{"href":"https:\/\/imeclinicacidada.com.br\/blog\/wp-json\/wp\/v2\/posts\/815","targetHints":{"allow":["GET"]}}],"collection":[{"href":"https:\/\/imeclinicacidada.com.br\/blog\/wp-json\/wp\/v2\/posts"}],"about":[{"href":"https:\/\/imeclinicacidada.com.br\/blog\/wp-json\/wp\/v2\/types\/post"}],"author":[{"embeddable":true,"href":"https:\/\/imeclinicacidada.com.br\/blog\/wp-json\/wp\/v2\/users\/1"}],"replies":[{"embeddable":true,"href":"https:\/\/imeclinicacidada.com.br\/blog\/wp-json\/wp\/v2\/comments?post=815"}],"version-history":[{"count":2,"href":"https:\/\/imeclinicacidada.com.br\/blog\/wp-json\/wp\/v2\/posts\/815\/revisions"}],"predecessor-version":[{"id":818,"href":"https:\/\/imeclinicacidada.com.br\/blog\/wp-json\/wp\/v2\/posts\/815\/revisions\/818"}],"wp:featuredmedia":[{"embeddable":true,"href":"https:\/\/imeclinicacidada.com.br\/blog\/wp-json\/wp\/v2\/media\/816"}],"wp:attachment":[{"href":"https:\/\/imeclinicacidada.com.br\/blog\/wp-json\/wp\/v2\/media?parent=815"}],"wp:term":[{"taxonomy":"category","embeddable":true,"href":"https:\/\/imeclinicacidada.com.br\/blog\/wp-json\/wp\/v2\/categories?post=815"},{"taxonomy":"post_tag","embeddable":true,"href":"https:\/\/imeclinicacidada.com.br\/blog\/wp-json\/wp\/v2\/tags?post=815"}],"curies":[{"name":"wp","href":"https:\/\/api.w.org\/{rel}","templated":true}]}}