{"id":840,"date":"2021-10-21T11:41:30","date_gmt":"2021-10-21T14:41:30","guid":{"rendered":"https:\/\/www.imeclinicacidada.com.br\/blog\/?p=840"},"modified":"2021-10-21T11:41:35","modified_gmt":"2021-10-21T14:41:35","slug":"sinusite-2","status":"publish","type":"post","link":"https:\/\/imeclinicacidada.com.br\/blog\/sinusite-2\/","title":{"rendered":"Sinusite"},"content":{"rendered":"\n<p>Sinusite \u00e9 a inflama\u00e7\u00e3o das mucosas dos seios da face, regi\u00e3o do cr\u00e2nio formada por cavidades \u00f3sseas ao redor do nariz, ma\u00e7\u00e3s do rosto e olhos.<br>Os seios da face d\u00e3o resson\u00e2ncia \u00e0 voz, aquecem o ar inspirado e diminuem o peso do cr\u00e2nio, o que facilita sua sustenta\u00e7\u00e3o. S\u00e3o revestidos por uma mucosa semelhante \u00e0 do nariz, rica em gl\u00e2ndulas produtoras de muco e coberta por c\u00edlios dotados de movimentos vibr\u00e1teis que conduzem o material estranho retido no muco para a parte posterior do nariz com a finalidade de elimin\u00e1-lo.<br>O fluxo da secre\u00e7\u00e3o mucosa dos seios da face \u00e9 permanente e impercept\u00edvel. Altera\u00e7\u00f5es anat\u00f4micas, que impedem a drenagem da secre\u00e7\u00e3o, e processos infecciosos ou al\u00e9rgicos, que provocam inflama\u00e7\u00e3o das mucosas e facilitam a instala\u00e7\u00e3o de germes oportunistas, s\u00e3o fatores que predisp\u00f5em \u00e0 sinusite.<\/p>\n\n\n\n<p><strong>Sintomas<\/strong><\/p>\n\n\n\n<p>As sinusites podem ser divididas em agudas e cr\u00f4nicas.<\/p>\n\n\n\n<p><em><strong>Sinusite aguda<\/strong><\/em><em>:<\/em><\/p>\n\n\n\n<p>Costuma ocorrer dor de cabe\u00e7a na \u00e1rea do seio da face mais comprometido (seio frontal, maxilar, etmoidal e esfenoidal). A dor pode ser forte, em pontada, puls\u00e1til ou sensa\u00e7\u00e3o de press\u00e3o ou peso na cabe\u00e7a. Na grande maioria dos casos, surge obstru\u00e7\u00e3o nasal com presen\u00e7a de secre\u00e7\u00e3o amarela ou esverdeada, sanguinolenta, que dificulta a respira\u00e7\u00e3o. Febre, cansa\u00e7o, coriza, tosse, dores musculares e perda de apetite costumam estar presentes.<\/p>\n\n\n\n<p><em><strong>S<\/strong><\/em><strong><em>inusite cr\u00f4nica<\/em><\/strong><em>:<\/em><\/p>\n\n\n\n<p>Os sintomas s\u00e3o os mesmos, por\u00e9m variam muito de intensidade. A dor nos seios da face e a febre podem estar ausentes. A tosse costuma ser o sintoma preponderante. \u00c9 geralmente noturna e aumenta de intensidade quando a pessoa se deita porque a secre\u00e7\u00e3o escorre pela parte posterior das fossas nasais e irrita as vias a\u00e9reas disparando o mecanismo de tosse. Acessos de tosse s\u00e3o particularmente freq\u00fcentes pela manh\u00e3, ao levantar, e diminuem de intensidade, chegando mesmo a desaparecer, no decorrer do dia.<\/p>\n\n\n\n<p><strong>Recomenda\u00e7\u00f5es<\/strong><\/p>\n\n\n\n<p>Na vig\u00eancia de gripes, resfriados e processos al\u00e9rgicos que facilitem o aparecimento de sinusite, beba bastante l\u00edquido (pelo menos 2 litros de \u00e1gua por dia) e goteje de duas a tr\u00eas gotas de solu\u00e7\u00e3o salina nas narinas, muitas vezes por dia. A solu\u00e7\u00e3o salina pode ser preparada em casa. Para cada litro d&#8217;\u00e1gua fervida, acrescente uma colher de ch\u00e1 (09 gramas) de a\u00e7\u00facar e outra de sal. Espere esfriar antes de ping\u00e1-la no nariz; inala\u00e7\u00f5es com solu\u00e7\u00e3o salina, soro fisiol\u00f3gico ou vapor de \u00e1gua quente ajudam a eliminar as secre\u00e7\u00f5es;<br>Evite o ar condicionado. Al\u00e9m de ressecar as mucosas e dificultar a drenagem de secre\u00e7\u00e3o, pode disseminar agentes infecciosos (especialmente fungos) que contaminam os seios da face;<br>Procure um m\u00e9dico se os sintomas persistirem. O tratamento inadequado da sinusite pode torn\u00e1-la cr\u00f4nica.<\/p>\n\n\n\n<p><strong><em>Como orientar quem tem epis\u00f3dios freq\u00fcentes de sinusite?<\/em><\/strong><\/p>\n\n\n\n<p>A sinusite pode ser&nbsp;<em>cr\u00f4nica<\/em>. Neste caso, os sintomas s\u00e3o permanentes. A pessoa tem obstru\u00e7\u00e3o nasal, catarro amarelo-esverdeado e sanguinolento e dificuldade para eliminar secre\u00e7\u00e3o. A dor de cabe\u00e7a s\u00f3 aparece nos processos sub-agudos.<br>A sinusite cr\u00f4nica \u00e9 doen\u00e7a de grande incid\u00eancia, assim, se o paciente tiver sinusite que n\u00e3o melhora com os tratamentos convencionais, deve procurar um m\u00e9dico especialista (otorrinolaringologista, tamb\u00e9m conhecido como otorrino) para fazer avalia\u00e7\u00e3o imunol\u00f3gica e pesquisar a presen\u00e7a de fungos.<br>Atualmente se est\u00e1 dando aten\u00e7\u00e3o especial \u00e0 sinusite f\u00fangica. Fungos podem alojar-se na cavidade nasal, formando uma bola que, al\u00e9m de sinusite, pode trazer s\u00e9rias complica\u00e7\u00f5es, da\u00ed a necessidade de acompanhamento por um m\u00e9dico especialista.<\/p>\n\n\n\n<p><strong>IMPORTANTE: Somente m\u00e9dicos e cirurgi\u00f5es devidamente habilitados podem diagnosticar doen\u00e7as, indicar tratamentos e receitar rem\u00e9dios. As informa\u00e7\u00f5es dispon\u00edveis acima possuem apenas car\u00e1ter educativo.<br><\/strong><\/p>\n\n\n\n<p><strong>Fonte<\/strong>: Minist\u00e9rio da sa\u00fade<\/p>\n","protected":false},"excerpt":{"rendered":"<p>Sinusite \u00e9 a inflama\u00e7\u00e3o das mucosas dos seios da face, regi\u00e3o do cr\u00e2nio formada por cavidades \u00f3sseas ao redor do nariz, ma\u00e7\u00e3s do rosto e olhos.Os seios da face d\u00e3o resson\u00e2ncia \u00e0 voz, aquecem o ar inspirado e diminuem o peso do cr\u00e2nio, o que facilita sua sustenta\u00e7\u00e3o. S\u00e3o revestidos por uma mucosa semelhante \u00e0 [&hellip;]<\/p>\n","protected":false},"author":1,"featured_media":841,"comment_status":"closed","ping_status":"closed","sticky":false,"template":"","format":"standard","meta":{"ocean_post_layout":"","ocean_both_sidebars_style":"","ocean_both_sidebars_content_width":0,"ocean_both_sidebars_sidebars_width":0,"ocean_sidebar":"0","ocean_second_sidebar":"0","ocean_disable_margins":"enable","ocean_add_body_class":"","ocean_shortcode_before_top_bar":"","ocean_shortcode_after_top_bar":"","ocean_shortcode_before_header":"","ocean_shortcode_after_header":"","ocean_has_shortcode":"","ocean_shortcode_after_title":"","ocean_shortcode_before_footer_widgets":"","ocean_shortcode_after_footer_widgets":"","ocean_shortcode_before_footer_bottom":"","ocean_shortcode_after_footer_bottom":"","ocean_display_top_bar":"default","ocean_display_header":"default","ocean_header_style":"","ocean_center_header_left_menu":"0","ocean_custom_header_template":"0","ocean_custom_logo":0,"ocean_custom_retina_logo":0,"ocean_custom_logo_max_width":0,"ocean_custom_logo_tablet_max_width":0,"ocean_custom_logo_mobile_max_width":0,"ocean_custom_logo_max_height":0,"ocean_custom_logo_tablet_max_height":0,"ocean_custom_logo_mobile_max_height":0,"ocean_header_custom_menu":"0","ocean_menu_typo_font_family":"0","ocean_menu_typo_font_subset":"","ocean_menu_typo_font_size":0,"ocean_menu_typo_font_size_tablet":0,"ocean_menu_typo_font_size_mobile":0,"ocean_menu_typo_font_size_unit":"px","ocean_menu_typo_font_weight":"","ocean_menu_typo_font_weight_tablet":"","ocean_menu_typo_font_weight_mobile":"","ocean_menu_typo_transform":"","ocean_menu_typo_transform_tablet":"","ocean_menu_typo_transform_mobile":"","ocean_menu_typo_line_height":0,"ocean_menu_typo_line_height_tablet":0,"ocean_menu_typo_line_height_mobile":0,"ocean_menu_typo_line_height_unit":"","ocean_menu_typo_spacing":0,"ocean_menu_typo_spacing_tablet":0,"ocean_menu_typo_spacing_mobile":0,"ocean_menu_typo_spacing_unit":"","ocean_menu_link_color":"","ocean_menu_link_color_hover":"","ocean_menu_link_color_active":"","ocean_menu_link_background":"","ocean_menu_link_hover_background":"","ocean_menu_link_active_background":"","ocean_menu_social_links_bg":"","ocean_menu_social_hover_links_bg":"","ocean_menu_social_links_color":"","ocean_menu_social_hover_links_color":"","ocean_disable_title":"default","ocean_disable_heading":"default","ocean_post_title":"","ocean_post_subheading":"","ocean_post_title_style":"","ocean_post_title_background_color":"","ocean_post_title_background":0,"ocean_post_title_bg_image_position":"","ocean_post_title_bg_image_attachment":"","ocean_post_title_bg_image_repeat":"","ocean_post_title_bg_image_size":"","ocean_post_title_height":0,"ocean_post_title_bg_overlay":0.5,"ocean_post_title_bg_overlay_color":"","ocean_disable_breadcrumbs":"default","ocean_breadcrumbs_color":"","ocean_breadcrumbs_separator_color":"","ocean_breadcrumbs_links_color":"","ocean_breadcrumbs_links_hover_color":"","ocean_display_footer_widgets":"default","ocean_display_footer_bottom":"default","ocean_custom_footer_template":"0","_joinchat":[],"ocean_post_oembed":"","ocean_post_self_hosted_media":"","ocean_post_video_embed":"","ocean_link_format":"","ocean_link_format_target":"self","ocean_quote_format":"","ocean_quote_format_link":"post","ocean_gallery_link_images":"off","ocean_gallery_id":[],"footnotes":""},"categories":[32],"tags":[432,606],"class_list":["post-840","post","type-post","status-publish","format-standard","has-post-thumbnail","hentry","category-alergia","tag-alergia","tag-sinusite","entry","has-media"],"_links":{"self":[{"href":"https:\/\/imeclinicacidada.com.br\/blog\/wp-json\/wp\/v2\/posts\/840","targetHints":{"allow":["GET"]}}],"collection":[{"href":"https:\/\/imeclinicacidada.com.br\/blog\/wp-json\/wp\/v2\/posts"}],"about":[{"href":"https:\/\/imeclinicacidada.com.br\/blog\/wp-json\/wp\/v2\/types\/post"}],"author":[{"embeddable":true,"href":"https:\/\/imeclinicacidada.com.br\/blog\/wp-json\/wp\/v2\/users\/1"}],"replies":[{"embeddable":true,"href":"https:\/\/imeclinicacidada.com.br\/blog\/wp-json\/wp\/v2\/comments?post=840"}],"version-history":[{"count":1,"href":"https:\/\/imeclinicacidada.com.br\/blog\/wp-json\/wp\/v2\/posts\/840\/revisions"}],"predecessor-version":[{"id":842,"href":"https:\/\/imeclinicacidada.com.br\/blog\/wp-json\/wp\/v2\/posts\/840\/revisions\/842"}],"wp:featuredmedia":[{"embeddable":true,"href":"https:\/\/imeclinicacidada.com.br\/blog\/wp-json\/wp\/v2\/media\/841"}],"wp:attachment":[{"href":"https:\/\/imeclinicacidada.com.br\/blog\/wp-json\/wp\/v2\/media?parent=840"}],"wp:term":[{"taxonomy":"category","embeddable":true,"href":"https:\/\/imeclinicacidada.com.br\/blog\/wp-json\/wp\/v2\/categories?post=840"},{"taxonomy":"post_tag","embeddable":true,"href":"https:\/\/imeclinicacidada.com.br\/blog\/wp-json\/wp\/v2\/tags?post=840"}],"curies":[{"name":"wp","href":"https:\/\/api.w.org\/{rel}","templated":true}]}}