{"id":848,"date":"2021-10-27T18:35:50","date_gmt":"2021-10-27T21:35:50","guid":{"rendered":"https:\/\/www.imeclinicacidada.com.br\/blog\/?p=848"},"modified":"2021-10-27T18:35:54","modified_gmt":"2021-10-27T21:35:54","slug":"doencas-respiratorias","status":"publish","type":"post","link":"https:\/\/imeclinicacidada.com.br\/blog\/doencas-respiratorias\/","title":{"rendered":"Quais s\u00e3o as doen\u00e7as respirat\u00f3rias?"},"content":{"rendered":"\n<h2 class=\"wp-block-heading\"><strong>Asma &#8211; O que \u00e9:<\/strong><\/h2>\n\n\n\n<p>A&nbsp;asma, condi\u00e7\u00e3o multifatorial determinada pela intera\u00e7\u00e3o de fatores gen\u00e9ticos e ambientais, \u00e9 uma das doen\u00e7as respirat\u00f3rias mais comuns. A doen\u00e7a consiste na inflama\u00e7\u00e3o das vias a\u00e9reas inferiores, que causa o estreitamento dos bronqu\u00edolos. Essas min\u00fasculas ramifica\u00e7\u00f5es que est\u00e3o dentro do pulm\u00e3o transportam o ar at\u00e9 os alv\u00e9olos pulmonares, que por sua vez se assemelham a cachos de uva, e \u00e9 neles que ocorre a troca gasosa.<\/p>\n\n\n\n<h5 class=\"wp-block-heading\"><strong>Sintomas:<\/strong><\/h5>\n\n\n\n<p>Dificuldade para respirar, tosse seca, chiado no peito, respira\u00e7\u00e3o r\u00e1pida e curta.<\/p>\n\n\n\n<h2 class=\"wp-block-heading\"><strong>Enfisema pulmonar &#8211; O que \u00e9:<\/strong><\/h2>\n\n\n\n<p>O&nbsp;enfisema \u00e9 caracterizado pela destrui\u00e7\u00e3o dos alv\u00e9olos. Com a doen\u00e7a, essas estruturas inflamam, come\u00e7am a se romper e formam pequenas bolhas. Esse processo dificulta a passagem do ar e a oxigena\u00e7\u00e3o do sangue.<\/p>\n\n\n\n<h5 class=\"wp-block-heading\"><strong>Sintomas:<\/strong><\/h5>\n\n\n\n<p>Chiado, tosse, respira\u00e7\u00e3o ofegante, falta de ar.<\/p>\n\n\n\n<h2 class=\"wp-block-heading\"><strong>Bronquite cr\u00f4nica &#8211; O que \u00e9:<\/strong><\/h2>\n\n\n\n<p>Na bronquite cr\u00f4nica, ocorre a inflama\u00e7\u00e3o dos br\u00f4nquios, estruturas pulmonares respons\u00e1veis por levar e trazer o ar a cada respira\u00e7\u00e3o. A doen\u00e7a leva a um estreitamento e engrossamento das paredes dos br\u00f4nquios, e tamb\u00e9m provoca secre\u00e7\u00e3o dentro deles. \u00c9 uma doen\u00e7a que causa tosse e expectora\u00e7\u00e3o na maioria dos dias, por no m\u00ednimo tr\u00eas meses por ano, durante dois anos consecutivos, e tem como causa mais comum o tabagismo. A diferen\u00e7a entre a bronquite e a bronquite cr\u00f4nica est\u00e1 na dura\u00e7\u00e3o dos sintomas e na exist\u00eancia de uma tosse com muco.<\/p>\n\n\n\n<h5 class=\"wp-block-heading\"><strong>Sintomas:<\/strong><\/h5>\n\n\n\n<p>Tosse com expectora\u00e7\u00e3o (secre\u00e7\u00e3o de muco), chiado, falta de ar e cansa\u00e7o.<\/p>\n\n\n\n<h2 class=\"wp-block-heading\"><strong>Doen\u00e7a Pulmonar Obstrutiva Cr\u00f4nica &#8211; O que \u00e9:<\/strong><\/h2>\n\n\n\n<p>A&nbsp;DPOC \u00e9 uma mistura de bronquite cr\u00f4nica com enfisema pulmonar. A DPOC \u00e9 uma condi\u00e7\u00e3o progressiva que obstrui as vias a\u00e9reas, dificultando a respira\u00e7\u00e3o. \u00c9 uma doen\u00e7a com repercuss\u00f5es sist\u00eamicas, preven\u00edvel e trat\u00e1vel, e a limita\u00e7\u00e3o que provoca no fluxo a\u00e9reo pulmonar \u00e9 parcialmente revers\u00edvel. Essa limita\u00e7\u00e3o \u00e9 causada por uma associa\u00e7\u00e3o entre doen\u00e7a de pequenos br\u00f4nquios (bronquite cr\u00f4nica obstrutiva) e destrui\u00e7\u00e3o de par\u00eanquima (enfisema).<\/p>\n\n\n\n<h5 class=\"wp-block-heading\"><strong>Sintomas:<\/strong><\/h5>\n\n\n\n<p>Falta de ar, mesmo diante de esfor\u00e7os m\u00ednimos, cansa\u00e7o, pigarro e tosse.<\/p>\n\n\n\n<p><strong>*Caso esteja sentindo qualquer um dos sintomas citados acima, procure imediatamente um m\u00e9dico pneumologista.<\/strong><\/p>\n\n\n\n<p><strong>IMPORTANTE: Somente m\u00e9dicos e cirurgi\u00f5es devidamente habilitados podem diagnosticar doen\u00e7as, indicar tratamentos e receitar rem\u00e9dios. As informa\u00e7\u00f5es dispon\u00edveis acima possuem apenas car\u00e1ter educativo.<br><\/strong><\/p>\n\n\n\n<p><strong>Fonte<\/strong>: sa\u00fade.gov.br<\/p>\n","protected":false},"excerpt":{"rendered":"<p>Asma &#8211; O que \u00e9: A&nbsp;asma, condi\u00e7\u00e3o multifatorial determinada pela intera\u00e7\u00e3o de fatores gen\u00e9ticos e ambientais, \u00e9 uma das doen\u00e7as respirat\u00f3rias mais comuns. A doen\u00e7a consiste na inflama\u00e7\u00e3o das vias a\u00e9reas inferiores, que causa o estreitamento dos bronqu\u00edolos. Essas min\u00fasculas ramifica\u00e7\u00f5es que est\u00e3o dentro do pulm\u00e3o transportam o ar at\u00e9 os alv\u00e9olos pulmonares, que por [&hellip;]<\/p>\n","protected":false},"author":1,"featured_media":849,"comment_status":"closed","ping_status":"closed","sticky":false,"template":"","format":"standard","meta":{"ocean_post_layout":"","ocean_both_sidebars_style":"","ocean_both_sidebars_content_width":0,"ocean_both_sidebars_sidebars_width":0,"ocean_sidebar":"0","ocean_second_sidebar":"0","ocean_disable_margins":"enable","ocean_add_body_class":"","ocean_shortcode_before_top_bar":"","ocean_shortcode_after_top_bar":"","ocean_shortcode_before_header":"","ocean_shortcode_after_header":"","ocean_has_shortcode":"","ocean_shortcode_after_title":"","ocean_shortcode_before_footer_widgets":"","ocean_shortcode_after_footer_widgets":"","ocean_shortcode_before_footer_bottom":"","ocean_shortcode_after_footer_bottom":"","ocean_display_top_bar":"default","ocean_display_header":"default","ocean_header_style":"","ocean_center_header_left_menu":"0","ocean_custom_header_template":"0","ocean_custom_logo":0,"ocean_custom_retina_logo":0,"ocean_custom_logo_max_width":0,"ocean_custom_logo_tablet_max_width":0,"ocean_custom_logo_mobile_max_width":0,"ocean_custom_logo_max_height":0,"ocean_custom_logo_tablet_max_height":0,"ocean_custom_logo_mobile_max_height":0,"ocean_header_custom_menu":"0","ocean_menu_typo_font_family":"0","ocean_menu_typo_font_subset":"","ocean_menu_typo_font_size":0,"ocean_menu_typo_font_size_tablet":0,"ocean_menu_typo_font_size_mobile":0,"ocean_menu_typo_font_size_unit":"px","ocean_menu_typo_font_weight":"","ocean_menu_typo_font_weight_tablet":"","ocean_menu_typo_font_weight_mobile":"","ocean_menu_typo_transform":"","ocean_menu_typo_transform_tablet":"","ocean_menu_typo_transform_mobile":"","ocean_menu_typo_line_height":0,"ocean_menu_typo_line_height_tablet":0,"ocean_menu_typo_line_height_mobile":0,"ocean_menu_typo_line_height_unit":"","ocean_menu_typo_spacing":0,"ocean_menu_typo_spacing_tablet":0,"ocean_menu_typo_spacing_mobile":0,"ocean_menu_typo_spacing_unit":"","ocean_menu_link_color":"","ocean_menu_link_color_hover":"","ocean_menu_link_color_active":"","ocean_menu_link_background":"","ocean_menu_link_hover_background":"","ocean_menu_link_active_background":"","ocean_menu_social_links_bg":"","ocean_menu_social_hover_links_bg":"","ocean_menu_social_links_color":"","ocean_menu_social_hover_links_color":"","ocean_disable_title":"default","ocean_disable_heading":"default","ocean_post_title":"","ocean_post_subheading":"","ocean_post_title_style":"","ocean_post_title_background_color":"","ocean_post_title_background":0,"ocean_post_title_bg_image_position":"","ocean_post_title_bg_image_attachment":"","ocean_post_title_bg_image_repeat":"","ocean_post_title_bg_image_size":"","ocean_post_title_height":0,"ocean_post_title_bg_overlay":0.5,"ocean_post_title_bg_overlay_color":"","ocean_disable_breadcrumbs":"default","ocean_breadcrumbs_color":"","ocean_breadcrumbs_separator_color":"","ocean_breadcrumbs_links_color":"","ocean_breadcrumbs_links_hover_color":"","ocean_display_footer_widgets":"default","ocean_display_footer_bottom":"default","ocean_custom_footer_template":"0","_joinchat":[],"ocean_post_oembed":"","ocean_post_self_hosted_media":"","ocean_post_video_embed":"","ocean_link_format":"","ocean_link_format_target":"self","ocean_quote_format":"","ocean_quote_format_link":"post","ocean_gallery_link_images":"off","ocean_gallery_id":[],"footnotes":""},"categories":[161,26],"tags":[1105],"class_list":["post-848","post","type-post","status-publish","format-standard","has-post-thumbnail","hentry","category-pneumologia","category-viver-bem","tag-pneumologista","entry","has-media"],"_links":{"self":[{"href":"https:\/\/imeclinicacidada.com.br\/blog\/wp-json\/wp\/v2\/posts\/848","targetHints":{"allow":["GET"]}}],"collection":[{"href":"https:\/\/imeclinicacidada.com.br\/blog\/wp-json\/wp\/v2\/posts"}],"about":[{"href":"https:\/\/imeclinicacidada.com.br\/blog\/wp-json\/wp\/v2\/types\/post"}],"author":[{"embeddable":true,"href":"https:\/\/imeclinicacidada.com.br\/blog\/wp-json\/wp\/v2\/users\/1"}],"replies":[{"embeddable":true,"href":"https:\/\/imeclinicacidada.com.br\/blog\/wp-json\/wp\/v2\/comments?post=848"}],"version-history":[{"count":1,"href":"https:\/\/imeclinicacidada.com.br\/blog\/wp-json\/wp\/v2\/posts\/848\/revisions"}],"predecessor-version":[{"id":850,"href":"https:\/\/imeclinicacidada.com.br\/blog\/wp-json\/wp\/v2\/posts\/848\/revisions\/850"}],"wp:featuredmedia":[{"embeddable":true,"href":"https:\/\/imeclinicacidada.com.br\/blog\/wp-json\/wp\/v2\/media\/849"}],"wp:attachment":[{"href":"https:\/\/imeclinicacidada.com.br\/blog\/wp-json\/wp\/v2\/media?parent=848"}],"wp:term":[{"taxonomy":"category","embeddable":true,"href":"https:\/\/imeclinicacidada.com.br\/blog\/wp-json\/wp\/v2\/categories?post=848"},{"taxonomy":"post_tag","embeddable":true,"href":"https:\/\/imeclinicacidada.com.br\/blog\/wp-json\/wp\/v2\/tags?post=848"}],"curies":[{"name":"wp","href":"https:\/\/api.w.org\/{rel}","templated":true}]}}